{"id":12981,"date":"2012-11-18T07:34:41","date_gmt":"2012-11-18T06:34:41","guid":{"rendered":"http:\/\/www.hsw.hu\/?p=12981"},"modified":"2012-11-18T07:35:19","modified_gmt":"2012-11-18T06:35:19","slug":"michelisz-norbert-a-privat-vilagbajnok","status":"publish","type":"post","link":"https:\/\/www.hsw.hu\/?p=12981","title":{"rendered":"Michelisz Norbert a priv\u00e1t vil\u00e1gbajnok!"},"content":{"rendered":"<p style=\"text-align: justify;\"><a class=\"highslide\" onclick=\"return vz.expand(this)\" href=\"http:\/\/www.hsw.hu\/wp-content\/uploads\/2012\/11\/michelisz_mac_32_kicsi.jpg\" data-rel=\"lightbox-image-0\" data-imagelightbox=\"0\" data-rl_title=\"\" data-rl_caption=\"\"><img loading=\"lazy\" decoding=\"async\" class=\"alignleft size-thumbnail wp-image-12982\" style=\"margin-left: 3px; margin-right: 3px;\" title=\"\" src=\"\/\/www.hsw.hu\/wp-content\/uploads\/2012\/11\/michelisz_mac_32_kicsi-100x70.jpg\" alt=\"\" width=\"100\" height=\"70\" \/><\/a>Hazai sport\u00f6rt\u00e9nelem \u00edr\u00f3dott Maka\u00f3ban! N\u00e9gy \u00e9ve l\u00e9pt\u00fcnk a nemzetk\u00f6zi sz\u00ednt\u00e9rre, h\u00e1rom \u00e9ve a WTCC-be. Amit amat\u0151r versenyz\u0151, csapat megnyerhet, azt ma megnyert\u00fck! Az els\u0151 futam mintha nem is lett volna, Norbi, Oriola, D&#8217;Aste nem szerzett pontot \u00e9s v\u00e9gk\u00e9pp nem hiszitek, de a m\u00e1sodik futamban sem.<\/p>\n<p style=\"text-align: justify;\">\u00cdgy is lehet nyerni, csak nem olyan sz\u00e9p. Az els\u0151 futamban, p\u00e1r kanyar ut\u00e1n &#8222;befagyott&#8221; a mez\u0151ny, megnyom\u00f3dtak, t\u00f6rtek p\u00e1ran, k\u00f6zt\u00fck a mi narancs BMW-\u00e9nk is, de miut\u00e1n senki nem tudott pontot szerezni a k\u00fczd\u0151 felek k\u00f6z\u00fcl, igazs\u00e1gosnak mondhatjuk a gabalyod\u00e1st. Az is csoda, hogy felold\u00f3dott egy\u00e1ltal\u00e1n a tumuluts. A m\u00e1sodik futamban egy fantasztikus rajttal m\u00e9g az \u00e9len is tudtunk aut\u00f3zni, b\u00e1r a j\u00f3val er\u0151sebb Chevik ellen nem volt igazi es\u00e9ly. Olyan kev\u00e9s kellett volna, hogy ak\u00e1r dobog\u00f3val z\u00e1rjunk, de Pepe Oriola elvette az es\u00e9lyt, megforgatta Norbit, de maga is a falban v\u00e9gezte, ott \u00e9s abban a pillanatban megsz\u00fcletett a priv\u00e1t bajnoki c\u00edm\u00fcnk!<\/p>\n<p style=\"text-align: justify;\">Forr\u00e1s: <a href=\"http:\/\/www.zengomotorsport.hu\" target=\"_blank\">Zeng\u0151 Motorsport<\/a><\/p>\n","protected":false},"excerpt":{"rendered":"<p>Hazai sport\u00f6rt\u00e9nelem \u00edr\u00f3dott Maka\u00f3ban! N\u00e9gy \u00e9ve l\u00e9pt\u00fcnk a nemzetk\u00f6zi sz\u00ednt\u00e9rre, h\u00e1rom \u00e9ve a WTCC-be. Amit&#8230;<\/p>\n","protected":false},"author":1,"featured_media":12982,"comment_status":"open","ping_status":"open","sticky":false,"template":"","format":"standard","meta":{"footnotes":""},"categories":[7],"tags":[96,302,327,70,95,273,303,309,358,415,251,274,301,204,181,252,414],"class_list":["post-12981","post","type-post","status-publish","format-standard","has-post-thumbnail","hentry","category-online","tag-bmw","tag-chevrolet","tag-honda","tag-lada","tag-michelisz","tag-michelisz-norbert","tag-seat","tag-turakocsi","tag-turakocsi-vilagbajnoksag","tag-vilagbajnok","tag-weber","tag-weber-gabor","tag-wtcc","tag-wtcc-2012","tag-zengo","tag-zengo-motorsport","tag-zengo-zoltan"],"featured_image_urls":{"full":["https:\/\/www.hsw.hu\/wp-content\/uploads\/2012\/11\/michelisz_mac_32_kicsi.jpg",670,389,false],"thumbnail":["https:\/\/www.hsw.hu\/wp-content\/uploads\/2012\/11\/michelisz_mac_32_kicsi-100x70.jpg",100,70,true],"medium":["https:\/\/www.hsw.hu\/wp-content\/uploads\/2012\/11\/michelisz_mac_32_kicsi-300x174.jpg",300,174,true],"medium_large":["https:\/\/www.hsw.hu\/wp-content\/uploads\/2012\/11\/michelisz_mac_32_kicsi.jpg",640,372,false],"large":["https:\/\/www.hsw.hu\/wp-content\/uploads\/2012\/11\/michelisz_mac_32_kicsi.jpg",640,372,false],"1536x1536":["https:\/\/www.hsw.hu\/wp-content\/uploads\/2012\/11\/michelisz_mac_32_kicsi.jpg",670,389,false],"2048x2048":["https:\/\/www.hsw.hu\/wp-content\/uploads\/2012\/11\/michelisz_mac_32_kicsi.jpg",670,389,false],"covernews-featured":["https:\/\/www.hsw.hu\/wp-content\/uploads\/2012\/11\/michelisz_mac_32_kicsi.jpg",670,389,false],"covernews-medium":["https:\/\/www.hsw.hu\/wp-content\/uploads\/2012\/11\/michelisz_mac_32_kicsi.jpg",540,314,false]},"author_info":{"display_name":"Toya","author_link":"https:\/\/www.hsw.hu\/?author=1"},"category_info":"<a href=\"https:\/\/www.hsw.hu\/?cat=7\" rel=\"category\">Sport<\/a>","tag_info":"Sport","comment_count":"0","_links":{"self":[{"href":"https:\/\/www.hsw.hu\/index.php?rest_route=\/wp\/v2\/posts\/12981","targetHints":{"allow":["GET"]}}],"collection":[{"href":"https:\/\/www.hsw.hu\/index.php?rest_route=\/wp\/v2\/posts"}],"about":[{"href":"https:\/\/www.hsw.hu\/index.php?rest_route=\/wp\/v2\/types\/post"}],"author":[{"embeddable":true,"href":"https:\/\/www.hsw.hu\/index.php?rest_route=\/wp\/v2\/users\/1"}],"replies":[{"embeddable":true,"href":"https:\/\/www.hsw.hu\/index.php?rest_route=%2Fwp%2Fv2%2Fcomments&post=12981"}],"version-history":[{"count":3,"href":"https:\/\/www.hsw.hu\/index.php?rest_route=\/wp\/v2\/posts\/12981\/revisions"}],"predecessor-version":[{"id":12985,"href":"https:\/\/www.hsw.hu\/index.php?rest_route=\/wp\/v2\/posts\/12981\/revisions\/12985"}],"wp:featuredmedia":[{"embeddable":true,"href":"https:\/\/www.hsw.hu\/index.php?rest_route=\/wp\/v2\/media\/12982"}],"wp:attachment":[{"href":"https:\/\/www.hsw.hu\/index.php?rest_route=%2Fwp%2Fv2%2Fmedia&parent=12981"}],"wp:term":[{"taxonomy":"category","embeddable":true,"href":"https:\/\/www.hsw.hu\/index.php?rest_route=%2Fwp%2Fv2%2Fcategories&post=12981"},{"taxonomy":"post_tag","embeddable":true,"href":"https:\/\/www.hsw.hu\/index.php?rest_route=%2Fwp%2Fv2%2Ftags&post=12981"}],"curies":[{"name":"wp","href":"https:\/\/api.w.org\/{rel}","templated":true}]}}