{"id":14005,"date":"2012-12-28T22:51:09","date_gmt":"2012-12-28T21:51:09","guid":{"rendered":"http:\/\/www.hsw.hu\/?p=14005"},"modified":"2012-12-28T22:51:09","modified_gmt":"2012-12-28T21:51:09","slug":"docogosen-kezdtunk","status":"publish","type":"post","link":"https:\/\/www.hsw.hu\/?p=14005","title":{"rendered":"D\u00f6c\u00f6g\u0151sen kezdt\u00fcnk"},"content":{"rendered":"<p style=\"text-align: justify;\"><a href=\"http:\/\/www.hsw.hu\/wp-content\/uploads\/2012\/12\/IMG_5246.jpg\" data-rel=\"lightbox-image-0\" data-imagelightbox=\"0\" data-rl_title=\"\" data-rl_caption=\"\" title=\"\"><img loading=\"lazy\" decoding=\"async\" class=\"alignleft size-thumbnail wp-image-14006\" style=\"margin-left: 3px; margin-right: 3px;\" alt=\"IMG_5246\" src=\"\/\/www.hsw.hu\/wp-content\/uploads\/2012\/12\/IMG_5246-100x70.jpg\" width=\"100\" height=\"70\" \/><\/a>Tim G\u00e1bor \u00e9s Vavika Tibor kett\u0151s a Szilveszter Rallye-n a H8-as kateg\u00f3ri\u00e1ban ma elrajtolt. Ugyan G\u00e1bor \u00e9vek \u00f3ta versenyez, azonban a mai nap neki is fejt\u00f6r\u00e9st okozott. Egy sz\u00e1raz Euroring-es teszt, \u00e9s egy f\u00e9l \u00f3r\u00e1s k\u00f6z\u00fati teszt ut\u00e1n, \u00e9lesben, este, nedves jeges aszfalton kellett els\u0151 gyorsas\u00e1gi szakasz\u00e1t futnia. Nos, hogy pontosan mi\u00e9rt, nem tudni, de az els\u0151 f\u00e9kt\u00e1von az aut\u00f3 kerekei blokkoltak, \u00e9s nagy sebess\u00e9ggel kics\u00faszott a p\u00e1ly\u00e1r\u00f3l. Szerencs\u00e9re p\u00e1r szalmab\u00e1la \u00e9s f\u0171csom\u00f3n k\u00edv\u00fcl m\u00e1s b\u00e1nta az es\u00e9st, de jelent\u0151s id\u0151 maradt a szakaszban.<\/p>\n<p style=\"text-align: justify;\">\u00cdgy a p\u00e1ros az els\u0151 szakasz ut\u00e1n, az \u00f6sszetett 44. helyen, \u00e9s a kateg\u00f3ria 19. hely\u00e9n \u00e1ll. Persze nincs k\u00fcl\u00f6n\u00f6sebb elv\u00e1r\u00e1s a p\u00e1rost\u00f3l, de titkon rem\u00e9lj\u00fck, hogy enn\u00e9l j\u00f3val el\u0151r\u00e9bb tudunk majd ker\u00fclni.<\/p>\n<p style=\"text-align: justify;\">Innen nincs m\u00e1s h\u00e1tra, a holnapi hat gyorsas\u00e1gi szakaszt hiba n\u00e9lk\u00fcl kell teljes\u00edteni, \u00e9s min\u00e9l t\u00f6bb riv\u00e1list utol\u00e9rni. Nem lesz egyszer\u0171, de ez az igazi kih\u00edv\u00e1s. Dr\u00e1ma nincs, ilyen a rallye.<\/p>\n<p style=\"text-align: center;\"><iframe loading=\"lazy\" src=\"\/\/www.youtube.com\/embed\/Xt-MsdfNln0\" height=\"350\" width=\"425\" frameborder=\"0\"><\/iframe><\/p>\n<p style=\"text-align: justify;\"><span style=\"font-size: x-small;\">Forr\u00e1s: <a href=\"http:\/\/timgabor.hu\/gabortim2010\/\" target=\"_blank\">TimGabor.hu<\/a><\/span><\/p>\n","protected":false},"excerpt":{"rendered":"<p>Tim G\u00e1bor \u00e9s Vavika Tibor kett\u0151s a Szilveszter Rallye-n a H8-as kateg\u00f3ri\u00e1ban ma elrajtolt. Ugyan&#8230;<\/p>\n","protected":false},"author":1,"featured_media":14006,"comment_status":"open","ping_status":"open","sticky":false,"template":"","format":"standard","meta":{"footnotes":""},"categories":[7],"tags":[97,153,46,453,119,452,451],"class_list":["post-14005","post","type-post","status-publish","format-standard","has-post-thumbnail","hentry","category-online","tag-autosport","tag-magyar","tag-racing","tag-rallye","tag-sport-2","tag-szilveszter-rallye","tag-tim-gabor"],"featured_image_urls":{"full":["https:\/\/www.hsw.hu\/wp-content\/uploads\/2012\/12\/IMG_5246.jpg",1280,720,false],"thumbnail":["https:\/\/www.hsw.hu\/wp-content\/uploads\/2012\/12\/IMG_5246-100x70.jpg",100,70,true],"medium":["https:\/\/www.hsw.hu\/wp-content\/uploads\/2012\/12\/IMG_5246-300x168.jpg",300,168,true],"medium_large":["https:\/\/www.hsw.hu\/wp-content\/uploads\/2012\/12\/IMG_5246.jpg",640,360,false],"large":["https:\/\/www.hsw.hu\/wp-content\/uploads\/2012\/12\/IMG_5246-1024x576.jpg",640,360,true],"1536x1536":["https:\/\/www.hsw.hu\/wp-content\/uploads\/2012\/12\/IMG_5246.jpg",1280,720,false],"2048x2048":["https:\/\/www.hsw.hu\/wp-content\/uploads\/2012\/12\/IMG_5246.jpg",1280,720,false],"covernews-featured":["https:\/\/www.hsw.hu\/wp-content\/uploads\/2012\/12\/IMG_5246.jpg",1024,576,false],"covernews-medium":["https:\/\/www.hsw.hu\/wp-content\/uploads\/2012\/12\/IMG_5246.jpg",540,304,false]},"author_info":{"display_name":"Toya","author_link":"https:\/\/www.hsw.hu\/?author=1"},"category_info":"<a href=\"https:\/\/www.hsw.hu\/?cat=7\" rel=\"category\">Sport<\/a>","tag_info":"Sport","comment_count":"0","_links":{"self":[{"href":"https:\/\/www.hsw.hu\/index.php?rest_route=\/wp\/v2\/posts\/14005","targetHints":{"allow":["GET"]}}],"collection":[{"href":"https:\/\/www.hsw.hu\/index.php?rest_route=\/wp\/v2\/posts"}],"about":[{"href":"https:\/\/www.hsw.hu\/index.php?rest_route=\/wp\/v2\/types\/post"}],"author":[{"embeddable":true,"href":"https:\/\/www.hsw.hu\/index.php?rest_route=\/wp\/v2\/users\/1"}],"replies":[{"embeddable":true,"href":"https:\/\/www.hsw.hu\/index.php?rest_route=%2Fwp%2Fv2%2Fcomments&post=14005"}],"version-history":[{"count":1,"href":"https:\/\/www.hsw.hu\/index.php?rest_route=\/wp\/v2\/posts\/14005\/revisions"}],"predecessor-version":[{"id":14007,"href":"https:\/\/www.hsw.hu\/index.php?rest_route=\/wp\/v2\/posts\/14005\/revisions\/14007"}],"wp:featuredmedia":[{"embeddable":true,"href":"https:\/\/www.hsw.hu\/index.php?rest_route=\/wp\/v2\/media\/14006"}],"wp:attachment":[{"href":"https:\/\/www.hsw.hu\/index.php?rest_route=%2Fwp%2Fv2%2Fmedia&parent=14005"}],"wp:term":[{"taxonomy":"category","embeddable":true,"href":"https:\/\/www.hsw.hu\/index.php?rest_route=%2Fwp%2Fv2%2Fcategories&post=14005"},{"taxonomy":"post_tag","embeddable":true,"href":"https:\/\/www.hsw.hu\/index.php?rest_route=%2Fwp%2Fv2%2Ftags&post=14005"}],"curies":[{"name":"wp","href":"https:\/\/api.w.org\/{rel}","templated":true}]}}