{"id":1644,"date":"2011-08-18T17:19:00","date_gmt":"2011-08-18T17:19:00","guid":{"rendered":"http:\/\/www.hsw.hu\/?p=1644"},"modified":"2011-08-18T17:19:00","modified_gmt":"2011-08-18T17:19:00","slug":"seventh-gear-f1-4-szezon","status":"publish","type":"post","link":"https:\/\/www.hsw.hu\/?p=1644","title":{"rendered":"Seventh Gear F1 4.szezon"},"content":{"rendered":"<p style=\"text-align: justify;\"><a class=\"highslide\" onclick=\"return vz.expand(this)\" href=\"http:\/\/www.hsw.hu\/wp-content\/uploads\/2011\/08\/SeventhGearF1logo_www.kepfeltoltes.hu_.png\" data-rel=\"lightbox-image-0\" data-imagelightbox=\"0\" data-rl_title=\"\" data-rl_caption=\"\"><img loading=\"lazy\" decoding=\"async\" class=\"alignleft size-thumbnail wp-image-1645\" style=\"margin-left: 3px; margin-right: 3px;\" title=\"\" src=\"\/\/www.hsw.hu\/wp-content\/uploads\/2011\/08\/SeventhGearF1logo_www.kepfeltoltes.hu_-100x70.png\" alt=\"\" width=\"100\" height=\"70\" \/><\/a>A Seventh Gear F1 League a 4. szezonj\u00e1t kezdte meg. A r\u00e9gi emberek itt vannak, a bajnok Kov\u00e1cs \u00c1d\u00e1m, a tavalyi nagy csat\u00e1ban alulmarad\u00f3 Szabadi L\u00e1szl\u00f3, a 3. szezon bajnoka Hricza \u00c1d\u00e1m, kieg\u00e9sz\u00fclt a n\u00e9vsor a fiatal \u00e9s roppant tehets\u00e9ges T\u00f3th Rolanddal, egy csapatba ker\u00fclt a tapasztalt Fekete Kriszti\u00e1n az SSTV komment\u00e1tor\u00e1val, a m\u00e9g mindig csak 13 \u00e9ves Zsupanek Benc\u00e9vel.<br \/>\nA 4. szezonra teh\u00e1t \u00f6sszegy\u0171lt a n\u00e9p a lig\u00e1ban, viszont a felsoroltakon k\u00edv\u00fcl t\u00f6bb ember is hirtelen visszavonta a nevez\u00e9s\u00e9t, ez\u00e9rt az SGF1-be t\u00f6bb hely is \u00fcres lett. A Seventh Gear F1 League v\u00e1rja a jelentkez\u00e9s\u00e9t azoknak, akik egy igaz\u00e1n sz\u00ednvonalas \u00e9s n\u00e9pszer\u0171 lig\u00e1ban szeretn\u00e9nek versenyezni \u00e9s megm\u00e9rettetni magukat. Ha Te is kedvet kapt\u00e1l, l\u00e1togass el hozz\u00e1nk! &#8211;<a href=\"http:\/\/www.sgf1.hu\/\" target=\"_blank\"> www.sgf1.hu<\/a><\/p>\n","protected":false},"excerpt":{"rendered":"<p>A Seventh Gear F1 League a 4. szezonj\u00e1t kezdte meg. A r\u00e9gi emberek itt vannak,&#8230;<\/p>\n","protected":false},"author":1,"featured_media":1645,"comment_status":"open","ping_status":"open","sticky":false,"template":"","format":"standard","meta":{"footnotes":""},"categories":[6],"tags":[16,49,152,126,124,46,1227],"class_list":["post-1644","post","type-post","status-publish","format-standard","has-post-thumbnail","hentry","category-sport","tag-download","tag-game","tag-jatek","tag-league","tag-online-2","tag-racing","tag-rfactor"],"featured_image_urls":{"full":["https:\/\/www.hsw.hu\/wp-content\/uploads\/2011\/08\/SeventhGearF1logo_www.kepfeltoltes.hu_.png",287,81,false],"thumbnail":["https:\/\/www.hsw.hu\/wp-content\/uploads\/2011\/08\/SeventhGearF1logo_www.kepfeltoltes.hu_-100x70.png",100,70,true],"medium":["https:\/\/www.hsw.hu\/wp-content\/uploads\/2011\/08\/SeventhGearF1logo_www.kepfeltoltes.hu_.png",287,81,false],"medium_large":["https:\/\/www.hsw.hu\/wp-content\/uploads\/2011\/08\/SeventhGearF1logo_www.kepfeltoltes.hu_.png",287,81,false],"large":["https:\/\/www.hsw.hu\/wp-content\/uploads\/2011\/08\/SeventhGearF1logo_www.kepfeltoltes.hu_.png",287,81,false],"1536x1536":["https:\/\/www.hsw.hu\/wp-content\/uploads\/2011\/08\/SeventhGearF1logo_www.kepfeltoltes.hu_.png",287,81,false],"2048x2048":["https:\/\/www.hsw.hu\/wp-content\/uploads\/2011\/08\/SeventhGearF1logo_www.kepfeltoltes.hu_.png",287,81,false],"covernews-featured":["https:\/\/www.hsw.hu\/wp-content\/uploads\/2011\/08\/SeventhGearF1logo_www.kepfeltoltes.hu_.png",287,81,false],"covernews-medium":["https:\/\/www.hsw.hu\/wp-content\/uploads\/2011\/08\/SeventhGearF1logo_www.kepfeltoltes.hu_.png",287,81,false]},"author_info":{"display_name":"Toya","author_link":"https:\/\/www.hsw.hu\/?author=1"},"category_info":"<a href=\"https:\/\/www.hsw.hu\/?cat=6\" rel=\"category\">Online<\/a>","tag_info":"Online","comment_count":"0","_links":{"self":[{"href":"https:\/\/www.hsw.hu\/index.php?rest_route=\/wp\/v2\/posts\/1644","targetHints":{"allow":["GET"]}}],"collection":[{"href":"https:\/\/www.hsw.hu\/index.php?rest_route=\/wp\/v2\/posts"}],"about":[{"href":"https:\/\/www.hsw.hu\/index.php?rest_route=\/wp\/v2\/types\/post"}],"author":[{"embeddable":true,"href":"https:\/\/www.hsw.hu\/index.php?rest_route=\/wp\/v2\/users\/1"}],"replies":[{"embeddable":true,"href":"https:\/\/www.hsw.hu\/index.php?rest_route=%2Fwp%2Fv2%2Fcomments&post=1644"}],"version-history":[{"count":2,"href":"https:\/\/www.hsw.hu\/index.php?rest_route=\/wp\/v2\/posts\/1644\/revisions"}],"predecessor-version":[{"id":1647,"href":"https:\/\/www.hsw.hu\/index.php?rest_route=\/wp\/v2\/posts\/1644\/revisions\/1647"}],"wp:featuredmedia":[{"embeddable":true,"href":"https:\/\/www.hsw.hu\/index.php?rest_route=\/wp\/v2\/media\/1645"}],"wp:attachment":[{"href":"https:\/\/www.hsw.hu\/index.php?rest_route=%2Fwp%2Fv2%2Fmedia&parent=1644"}],"wp:term":[{"taxonomy":"category","embeddable":true,"href":"https:\/\/www.hsw.hu\/index.php?rest_route=%2Fwp%2Fv2%2Fcategories&post=1644"},{"taxonomy":"post_tag","embeddable":true,"href":"https:\/\/www.hsw.hu\/index.php?rest_route=%2Fwp%2Fv2%2Ftags&post=1644"}],"curies":[{"name":"wp","href":"https:\/\/api.w.org\/{rel}","templated":true}]}}