{"id":18167,"date":"2013-05-18T23:11:18","date_gmt":"2013-05-18T22:11:18","guid":{"rendered":"http:\/\/www.hsw.hu\/?p=18167"},"modified":"2013-05-18T23:11:18","modified_gmt":"2013-05-18T22:11:18","slug":"felemasan-de-eb-pontokkal-gazdagabban","status":"publish","type":"post","link":"https:\/\/www.hsw.hu\/?p=18167","title":{"rendered":"Felem\u00e1san, de Eb pontokkal gazdagabban"},"content":{"rendered":"<p style=\"text-align: justify;\"><a href=\"http:\/\/www.hsw.hu\/wp-content\/uploads\/2013\/05\/20130518_2.jpg\" data-rel=\"lightbox-image-0\" data-imagelightbox=\"0\" data-rl_title=\"\" data-rl_caption=\"\" title=\"\"><img loading=\"lazy\" decoding=\"async\" class=\"alignleft size-thumbnail wp-image-18168\" style=\"margin-left: 3px; margin-right: 3px;\" alt=\"20130518_2\" src=\"\/\/www.hsw.hu\/wp-content\/uploads\/2013\/05\/20130518_2-100x70.jpg\" width=\"100\" height=\"70\" \/><\/a>Felem\u00e1san kezdte csapatunk a szezont, ugyanis Kiss Norbinak nem siker\u00fclt az els\u0151 napja, Major Benedek viszont megszerezte \u00e9lete els\u0151 Eb pontjait. A szabadedz\u00e9seken mindk\u00e9t pil\u00f3t\u00e1nk remek\u00fcl teljes\u00edtett, Norbi folyamatosan az els\u0151 h\u00e1romban aut\u00f3zott, Beni pedig k\u00f6rr\u0151l-k\u00f6rre, kifut\u00e1sr\u00f3l-kifut\u00e1sra gyorsult.<br \/>\nAz id\u0151m\u00e9r\u0151n Norbi harmadik lett, Beni pedig a 14-ik helyr\u0151l v\u00e1rta a rajtot.<\/p>\n<p>Az els\u0151 futamban a rajt el\u0151tt Albacete nekiment Norbinak, amit\u0151l megs\u00e9r\u00fclt a bal h\u00e1ts\u00f3 s\u00e1rv\u00e9d\u0151nk. Ez ugyan semmiben nem akad\u00e1lyozott minket, Norbi a negyedik helyen harcolt az el\u0151r\u00e9bb jut\u00e1s\u00e9rt, amikor kiintett\u00e9k a futamb\u00f3l. van ugyanis egy \u00faj szab\u00e1ly, miszerint verseny alatt b\u00e1rmi l\u00f3g-ki\u00e1ll-lobog az aut\u00f3n, ki kell \u00e1llni, \u00e9s vagy le kell szedni, vagy meg kell jav\u00edtani. A boxutc\u00e1ban r\u00f6gt\u00f6n leszedte a csapat a s\u00e1rv\u00e9d\u0151t, Norbi visszat\u00e9rt a p\u00e1ly\u00e1ra, de csak a 13-ik helyre, messze lemaradva a t\u00f6bbiekt\u0151l, \u00edgy poz\u00edci\u00f3j\u00e1t meg\u0151rizve, az aut\u00f3t k\u00edm\u00e9lve fejezte be a futamot. Albacetet a verseny ut\u00e1n megb\u00fcntett\u00e9k az \u00fctk\u00f6z\u00e9s\u00e9rt, \u00e9s \u0151 \u00e1tj\u00f6tt eln\u00e9z\u00e9st k\u00e9rni, de rajtunk mindez m\u00e1r nem seg\u00edtett.<\/p>\n<p>Beni j\u00f3l vette \u00e9lete els\u0151 kamionos rajtj\u00e1t, r\u00f6gt\u00f6n el\u0151z\u00f6tt is, majd a futam alatt is tudott m\u00e9g el\u0151r\u00e9bb menni, v\u00e9g\u00fcl 11-ik lett, p\u00e1r m\u00e9terrel lemaradva a pontszerz\u0151 helyr\u0151l. A verseny ut\u00e1n megk\u00e9rdeztem t\u0151le, hogyan \u00e9lte meg \u00e9lete els\u0151 kamionos rajtj\u00e1t, hatalmas mosollyal csak enyit felelt: <i>&#8222;H\u00fa, nagyon j\u00f3 volt!&#8221;<\/i><\/p>\n<p>A m\u00e1sodik futamban is j\u00f3l rajtoltak pil\u00f3t\u00e1ink, Norbi hamar fel k\u00fczd\u00f6tte mag\u00e1t pontszerz\u0151 helyre, ahol ism\u00e9t megtal\u00e1lt\u00e1k egym\u00e1st Albacetevel. T\u00f6bb kanyaron kereszt\u00fcl pr\u00f3b\u00e1lt Norbi el\u0151zni, majd az egyik visszaford\u00edt\u00f3ban nem hagyott el\u00e9g helyet a spanyol pil\u00f3ta, vagy Norbi volt kicsit kem\u00e9nyebb a kellet\u00e9n\u00e9l, a l\u00e9nyeg, hogy \u00f6ssze\u00e9rtek, Albacete kiforgott, Norbinak pedig megs\u00e9r\u00fclt a korm\u00e1nym\u0171ve, emiatt fel kellett adnia a futamot.<\/p>\n<p>Beni sz\u00e1m\u00e1ra ez a verseny is jobban alakult, a rajt ut\u00e1n megnyert egy-k\u00e9t csat\u00e1t, majd elkezdte megfutni eddigi legjobb k\u00f6reit, folyamatosan faragva le a tizedeket. Amint el\u0151z\u00e9si poz\u00edci\u00f3ba ker\u00fclt, megb\u00fcntett\u00e9k az el\u0151tte halad\u00f3kat, \u00edgy r\u00e1di\u00f3n azt az utas\u00edt\u00e1st kapta, nem kell el\u0151zni, mert m\u00e1r m\u00f6g\u00f6tt\u00fcnk vannak (id\u0151b\u00fcntet\u00e9st kaptak). Beni \u00edgy nem kock\u00e1ztatott feleslegesen, behozta kamionj\u00e1t a 9-ik helyen, <b>begy\u0171jtve ezzel \u00e9lete els\u0151 napj\u00e1n 2 Eb pontot!<\/b><\/p>\n<p>Felem\u00e1san, de nem let\u00f6rve z\u00e1rtuk ezt a napot, hisz Norbi az \u00e9lmez\u0151nnyel azonos temp\u00f3t tud aut\u00f3zni, Beni pedig minden elv\u00e1r\u00e1st fel\u00fclm\u00falva megmutatta, hogy fiatal kora ellen\u00e9re el\u00e9g \u00e9rett \u00e9s tapasztalt versenyz\u0151, hogy ott legyen a Kamion eur\u00f3pa-bajnoks\u00e1g mez\u0151ny\u00e9ben.<\/p>\n<p style=\"text-align: justify;\">Forr\u00e1s: <a href=\"http:\/\/www.oxxoracing.com\" target=\"_blank\">OXXO Racing<\/a><\/p>\n","protected":false},"excerpt":{"rendered":"<p>Felem\u00e1san kezdte csapatunk a szezont, ugyanis Kiss Norbinak nem siker\u00fclt az els\u0151 napja, Major Benedek&#8230;<\/p>\n","protected":false},"author":1,"featured_media":18168,"comment_status":"open","ping_status":"open","sticky":false,"template":"","format":"standard","meta":{"footnotes":""},"categories":[7],"tags":[592,390,642,385,77,350,549,550],"class_list":["post-18167","post","type-post","status-publish","format-standard","has-post-thumbnail","hentry","category-online","tag-fia-truck-european-championship","tag-kamion-eb","tag-kamion-europa-bajnoksag","tag-kiss-norbert","tag-norbi","tag-oxxo","tag-oxxo-racing-team","tag-truck-european-championship"],"featured_image_urls":{"full":["https:\/\/www.hsw.hu\/wp-content\/uploads\/2013\/05\/20130518_2.jpg",600,399,false],"thumbnail":["https:\/\/www.hsw.hu\/wp-content\/uploads\/2013\/05\/20130518_2-100x70.jpg",100,70,true],"medium":["https:\/\/www.hsw.hu\/wp-content\/uploads\/2013\/05\/20130518_2-300x199.jpg",300,199,true],"medium_large":["https:\/\/www.hsw.hu\/wp-content\/uploads\/2013\/05\/20130518_2.jpg",600,399,false],"large":["https:\/\/www.hsw.hu\/wp-content\/uploads\/2013\/05\/20130518_2.jpg",600,399,false],"1536x1536":["https:\/\/www.hsw.hu\/wp-content\/uploads\/2013\/05\/20130518_2.jpg",600,399,false],"2048x2048":["https:\/\/www.hsw.hu\/wp-content\/uploads\/2013\/05\/20130518_2.jpg",600,399,false],"covernews-featured":["https:\/\/www.hsw.hu\/wp-content\/uploads\/2013\/05\/20130518_2.jpg",600,399,false],"covernews-medium":["https:\/\/www.hsw.hu\/wp-content\/uploads\/2013\/05\/20130518_2.jpg",511,340,false]},"author_info":{"display_name":"Toya","author_link":"https:\/\/www.hsw.hu\/?author=1"},"category_info":"<a href=\"https:\/\/www.hsw.hu\/?cat=7\" rel=\"category\">Sport<\/a>","tag_info":"Sport","comment_count":"0","_links":{"self":[{"href":"https:\/\/www.hsw.hu\/index.php?rest_route=\/wp\/v2\/posts\/18167","targetHints":{"allow":["GET"]}}],"collection":[{"href":"https:\/\/www.hsw.hu\/index.php?rest_route=\/wp\/v2\/posts"}],"about":[{"href":"https:\/\/www.hsw.hu\/index.php?rest_route=\/wp\/v2\/types\/post"}],"author":[{"embeddable":true,"href":"https:\/\/www.hsw.hu\/index.php?rest_route=\/wp\/v2\/users\/1"}],"replies":[{"embeddable":true,"href":"https:\/\/www.hsw.hu\/index.php?rest_route=%2Fwp%2Fv2%2Fcomments&post=18167"}],"version-history":[{"count":1,"href":"https:\/\/www.hsw.hu\/index.php?rest_route=\/wp\/v2\/posts\/18167\/revisions"}],"predecessor-version":[{"id":18169,"href":"https:\/\/www.hsw.hu\/index.php?rest_route=\/wp\/v2\/posts\/18167\/revisions\/18169"}],"wp:featuredmedia":[{"embeddable":true,"href":"https:\/\/www.hsw.hu\/index.php?rest_route=\/wp\/v2\/media\/18168"}],"wp:attachment":[{"href":"https:\/\/www.hsw.hu\/index.php?rest_route=%2Fwp%2Fv2%2Fmedia&parent=18167"}],"wp:term":[{"taxonomy":"category","embeddable":true,"href":"https:\/\/www.hsw.hu\/index.php?rest_route=%2Fwp%2Fv2%2Fcategories&post=18167"},{"taxonomy":"post_tag","embeddable":true,"href":"https:\/\/www.hsw.hu\/index.php?rest_route=%2Fwp%2Fv2%2Ftags&post=18167"}],"curies":[{"name":"wp","href":"https:\/\/api.w.org\/{rel}","templated":true}]}}