{"id":18170,"date":"2013-05-18T23:20:51","date_gmt":"2013-05-18T22:20:51","guid":{"rendered":"http:\/\/www.hsw.hu\/?p=18170"},"modified":"2013-05-18T23:20:51","modified_gmt":"2013-05-18T22:20:51","slug":"hegyekben-a-buntetes-a-wtcc-idomeres-utan","status":"publish","type":"post","link":"https:\/\/www.hsw.hu\/?p=18170","title":{"rendered":"Hegyekben a b\u00fcntet\u00e9s a WTCC id\u0151m\u00e9r\u00e9s ut\u00e1n"},"content":{"rendered":"<p style=\"text-align: justify;\"><a href=\"http:\/\/www.hsw.hu\/wp-content\/uploads\/2013\/05\/Muller_Aut_chevrolet.jpg\" data-rel=\"lightbox-image-0\" data-imagelightbox=\"0\" data-rl_title=\"\" data-rl_caption=\"\" title=\"\"><img loading=\"lazy\" decoding=\"async\" class=\"alignleft size-thumbnail wp-image-18171\" style=\"margin-left: 3px; margin-right: 3px;\" alt=\"FIA WTCC Salzburg, Austria 18-19 May 2013\" src=\"\/\/www.hsw.hu\/wp-content\/uploads\/2013\/05\/Muller_Aut_chevrolet-100x70.jpg\" width=\"100\" height=\"70\" \/><\/a>A WTCC mai salzburgringi id\u0151m\u00e9r\u00e9se komoly kabar\u00e9ba ment \u00e1t. A versenyz\u0151k igyekeztek a lehet\u0151 leglassabban haladni, hogy egy m\u00e1sik aut\u00f3 sz\u00e9l\u00e1rny\u00e9k\u00e1t kihaszn\u00e1lva \u00e9rjenek el nagyobb v\u00e9gsebess\u00e9get. Ennek k\u00f6sz\u00f6nhet\u0151en a mez\u0151ny a m\u00e1sodik szakaszban komoly lass\u00fas\u00e1gi versenyt rendezett.<br \/>\nEbben szinte az \u00f6sszes vezet\u0151 pil\u00f3ta r\u00e9szt vett, \u00edgy M\u00fcller \u00e9s Tarquini mellett Michelisz Norbert is pr\u00f3b\u00e1lt igazodni a t\u00f6bbiekhez. Ez az eddig m\u00e9g soha nem l\u00e1tott jelenet a sorozat szervez\u0151in\u00e9l is kiverte a biztos\u00edt\u00e9kot \u00e9s szinte az \u00f6sszes pil\u00f3t\u00e1t komoly p\u00e9nzb\u00fcntet\u00e9ssel \u00e9s h\u00e1trasorol\u00e1ssal b\u00fcntette.<\/p>\n<p style=\"text-align: justify;\">Hab a tort\u00e1n, hogy a h\u00e1rom Honda az ellen\u0151rz\u00e9sen szab\u00e1lytalan sz\u00e1rnyal megbukott, \u00edgy szinte biztos hogy csak a mez\u0151ny v\u00e9g\u00e9r\u0151l v\u00e1ghatnak majd neki a jap\u00e1n m\u00e1rk\u00e1val versenyz\u0151 fi\u00fak a versenynek. Egy biztos, mindenk\u00e9ppen \u00e9rdemes lesz n\u00e9zni a holnapi futamot, mert szinte az eg\u00e9sz mez\u0151ny\u00f6n \u00e1t kell mag\u00e1t r\u00e1gnia minden \u00e9lversenyz\u0151nek, ami sok izgalmat \u00e9s meglepet\u00e9st tartogathat mindenki sz\u00e1m\u00e1ra.<\/p>\n","protected":false},"excerpt":{"rendered":"<p>A WTCC mai salzburgringi id\u0151m\u00e9r\u00e9se komoly kabar\u00e9ba ment \u00e1t. A versenyz\u0151k igyekeztek a lehet\u0151 leglassabban&#8230;<\/p>\n","protected":false},"author":1,"featured_media":18171,"comment_status":"open","ping_status":"open","sticky":false,"template":"","format":"standard","meta":{"footnotes":""},"categories":[7],"tags":[304,96,302,327,70,95,273,46,303,358,608,181,252],"class_list":["post-18170","post","type-post","status-publish","format-standard","has-post-thumbnail","hentry","category-online","tag-autoverseny","tag-bmw","tag-chevrolet","tag-honda","tag-lada","tag-michelisz","tag-michelisz-norbert","tag-racing","tag-seat","tag-turakocsi-vilagbajnoksag","tag-wtcc-2013","tag-zengo","tag-zengo-motorsport"],"featured_image_urls":{"full":["https:\/\/www.hsw.hu\/wp-content\/uploads\/2013\/05\/Muller_Aut_chevrolet.jpg",645,430,false],"thumbnail":["https:\/\/www.hsw.hu\/wp-content\/uploads\/2013\/05\/Muller_Aut_chevrolet-100x70.jpg",100,70,true],"medium":["https:\/\/www.hsw.hu\/wp-content\/uploads\/2013\/05\/Muller_Aut_chevrolet-300x200.jpg",300,200,true],"medium_large":["https:\/\/www.hsw.hu\/wp-content\/uploads\/2013\/05\/Muller_Aut_chevrolet.jpg",640,427,false],"large":["https:\/\/www.hsw.hu\/wp-content\/uploads\/2013\/05\/Muller_Aut_chevrolet.jpg",640,427,false],"1536x1536":["https:\/\/www.hsw.hu\/wp-content\/uploads\/2013\/05\/Muller_Aut_chevrolet.jpg",645,430,false],"2048x2048":["https:\/\/www.hsw.hu\/wp-content\/uploads\/2013\/05\/Muller_Aut_chevrolet.jpg",645,430,false],"covernews-featured":["https:\/\/www.hsw.hu\/wp-content\/uploads\/2013\/05\/Muller_Aut_chevrolet.jpg",645,430,false],"covernews-medium":["https:\/\/www.hsw.hu\/wp-content\/uploads\/2013\/05\/Muller_Aut_chevrolet.jpg",510,340,false]},"author_info":{"display_name":"Toya","author_link":"https:\/\/www.hsw.hu\/?author=1"},"category_info":"<a href=\"https:\/\/www.hsw.hu\/?cat=7\" rel=\"category\">Sport<\/a>","tag_info":"Sport","comment_count":"0","_links":{"self":[{"href":"https:\/\/www.hsw.hu\/index.php?rest_route=\/wp\/v2\/posts\/18170","targetHints":{"allow":["GET"]}}],"collection":[{"href":"https:\/\/www.hsw.hu\/index.php?rest_route=\/wp\/v2\/posts"}],"about":[{"href":"https:\/\/www.hsw.hu\/index.php?rest_route=\/wp\/v2\/types\/post"}],"author":[{"embeddable":true,"href":"https:\/\/www.hsw.hu\/index.php?rest_route=\/wp\/v2\/users\/1"}],"replies":[{"embeddable":true,"href":"https:\/\/www.hsw.hu\/index.php?rest_route=%2Fwp%2Fv2%2Fcomments&post=18170"}],"version-history":[{"count":2,"href":"https:\/\/www.hsw.hu\/index.php?rest_route=\/wp\/v2\/posts\/18170\/revisions"}],"predecessor-version":[{"id":18173,"href":"https:\/\/www.hsw.hu\/index.php?rest_route=\/wp\/v2\/posts\/18170\/revisions\/18173"}],"wp:featuredmedia":[{"embeddable":true,"href":"https:\/\/www.hsw.hu\/index.php?rest_route=\/wp\/v2\/media\/18171"}],"wp:attachment":[{"href":"https:\/\/www.hsw.hu\/index.php?rest_route=%2Fwp%2Fv2%2Fmedia&parent=18170"}],"wp:term":[{"taxonomy":"category","embeddable":true,"href":"https:\/\/www.hsw.hu\/index.php?rest_route=%2Fwp%2Fv2%2Fcategories&post=18170"},{"taxonomy":"post_tag","embeddable":true,"href":"https:\/\/www.hsw.hu\/index.php?rest_route=%2Fwp%2Fv2%2Ftags&post=18170"}],"curies":[{"name":"wp","href":"https:\/\/api.w.org\/{rel}","templated":true}]}}