{"id":20209,"date":"2013-07-28T21:19:03","date_gmt":"2013-07-28T20:19:03","guid":{"rendered":"http:\/\/www.hsw.hu\/?p=20209"},"modified":"2013-07-28T21:19:03","modified_gmt":"2013-07-28T20:19:03","slug":"osszetort-kamion-es-dobogo-a-vasarnapi-merleg","status":"publish","type":"post","link":"https:\/\/www.hsw.hu\/?p=20209","title":{"rendered":"\u00d6sszet\u00f6rt kamion \u00e9s dobog\u00f3 a vas\u00e1rnapi m\u00e9rleg"},"content":{"rendered":"<p style=\"text-align: justify;\"><a href=\"http:\/\/www.hsw.hu\/wp-content\/uploads\/2013\/07\/20130728_6.jpg\" data-rel=\"lightbox-image-0\" data-imagelightbox=\"0\" data-rl_title=\"\" data-rl_caption=\"\" title=\"\"><img loading=\"lazy\" decoding=\"async\" class=\"alignleft size-thumbnail wp-image-20210\" style=\"margin-left: 3px; margin-right: 3px;\" alt=\"20130728_6\" src=\"\/\/www.hsw.hu\/wp-content\/uploads\/2013\/07\/20130728_6-100x70.jpg\" width=\"100\" height=\"70\" \/><\/a>Vas\u00e1rnap Norbi az els\u0151 futamon az 5. helyr\u0151l rajtolt, szorosan tapadt az el\u0151tte halad\u00f3kra, de m\u00f6g\u00f6tte Adam Lacko kamionj\u00e1n elt\u00f6rt egy rug\u00f3, ami leszak\u00edtotta a korm\u00e1nym\u0171vet, \u00edgy ir\u00e1ny\u00edthatatlanul \u00e9s alig lassulva telibe tal\u00e1lta Norbi jobb h\u00e1ts\u00f3 kerek\u00e9t, \u00e9s sz\u00f3 szerint ki\u00fct\u00f6tte pil\u00f3t\u00e1nkat a versenyb\u0151l.<br \/>\nKamionunk tot\u00e1lk\u00e1ros lett, a komplett h\u00e1ts\u00f3 fut\u00f3m\u0171 sz\u00e9tment, a laprug\u00f3k elt\u00f6rtek, az alv\u00e1z is megs\u00e9r\u00fclt, \u00edgy hatalmas munka v\u00e1r a csapatra, hogy a k\u00f6vetkez\u0151 versenyre \u00fajj\u00e1\u00e9p\u00edtse Norbi versenykamionj\u00e1t.<\/p>\n<p>Beni sz\u00e1m\u00e1ra a vas\u00e1rnap sokkal jobban alakult, a baleset miatti piros z\u00e1szl\u00f3 ut\u00e1n a hetedik helyen fordult, \u00e9s meg is \u0151rizte hely\u00e9t a leint\u00e9sig.<br \/>\nAz utols\u00f3 futamon a ford\u00edtott rajtr\u00e1cs miatt az els\u0151 sorb\u00f3l rajtolt Beni, m\u00e1sodiknak fordult, \u00e9s siker\u00fclt kicsit megl\u00e9pnie \u00fcld\u00f6z\u0151i el\u0151l, akik nem kisebb nevek voltak, mint Oestreich, Hahn vagy \u00e9pp Vrsecky.<br \/>\nBeni k\u00f6zeledett az \u00e9len halad\u00f3 Mik\u00e1ra, de utol\u00e9rni nem tudta, viszont \u0151t sem lehetett megfogni, \u00edgy ifj\u00fa pil\u00f3t\u00e1nk megszerezte m\u00e1sodik dobog\u00f3s helyez\u00e9s\u00e9t a Kamion Eur\u00f3pa-bajnoks\u00e1gon!<\/p>\n<p>A mostani h\u00e9tv\u00e9g\u00e9n szerzett pontjaival Beni m\u00e1r 10. a bajnoks\u00e1gban.<\/p>\n<p>B\u00e1r k\u00f6vetkez\u0151 verseny\u00fcnk egy h\u00f3nap m\u00falva lesz, csapatunknak ez az id\u0151 \u00e9ppen csak el\u00e9g lesz Norbi kamionj\u00e1nak \u00fajj\u00e1\u00e9p\u00edt\u00e9s\u00e9re. Mindezek mellett mindk\u00e9t pil\u00f3t\u00e1nk sz\u00e1m\u00e1ra hozott sikert a h\u00e9tv\u00e9ge, hisz Norbi most gy\u0151z\u00f6tt el\u0151sz\u00f6r els\u0151 futamon, Beni pedig a Nogaroi gy\u0151zelme ut\u00e1n ism\u00e9t fel\u00e1llhatott a dobog\u00f3ra.<\/p>\n<p style=\"text-align: justify;\">Forr\u00e1s: <a href=\"http:\/\/www.oxxoracing.com\" target=\"_blank\">OXXO Racing<\/a><\/p>\n","protected":false},"excerpt":{"rendered":"<p>Vas\u00e1rnap Norbi az els\u0151 futamon az 5. helyr\u0151l rajtolt, szorosan tapadt az el\u0151tte halad\u00f3kra, de&#8230;<\/p>\n","protected":false},"author":1,"featured_media":20210,"comment_status":"open","ping_status":"open","sticky":false,"template":"","format":"standard","meta":{"footnotes":""},"categories":[7],"tags":[97,792,592,642,385,644,386,119,65],"class_list":["post-20209","post","type-post","status-publish","format-standard","has-post-thumbnail","hentry","category-online","tag-autosport","tag-fia-kamion-eb","tag-fia-truck-european-championship","tag-kamion-europa-bajnoksag","tag-kiss-norbert","tag-major-benedek","tag-oxxo-racing","tag-sport-2","tag-truck"],"featured_image_urls":{"full":["https:\/\/www.hsw.hu\/wp-content\/uploads\/2013\/07\/20130728_6.jpg",700,466,false],"thumbnail":["https:\/\/www.hsw.hu\/wp-content\/uploads\/2013\/07\/20130728_6-100x70.jpg",100,70,true],"medium":["https:\/\/www.hsw.hu\/wp-content\/uploads\/2013\/07\/20130728_6-300x199.jpg",300,199,true],"medium_large":["https:\/\/www.hsw.hu\/wp-content\/uploads\/2013\/07\/20130728_6.jpg",640,426,false],"large":["https:\/\/www.hsw.hu\/wp-content\/uploads\/2013\/07\/20130728_6.jpg",640,426,false],"1536x1536":["https:\/\/www.hsw.hu\/wp-content\/uploads\/2013\/07\/20130728_6.jpg",700,466,false],"2048x2048":["https:\/\/www.hsw.hu\/wp-content\/uploads\/2013\/07\/20130728_6.jpg",700,466,false],"covernews-featured":["https:\/\/www.hsw.hu\/wp-content\/uploads\/2013\/07\/20130728_6.jpg",700,466,false],"covernews-medium":["https:\/\/www.hsw.hu\/wp-content\/uploads\/2013\/07\/20130728_6.jpg",511,340,false]},"author_info":{"display_name":"Toya","author_link":"https:\/\/www.hsw.hu\/?author=1"},"category_info":"<a href=\"https:\/\/www.hsw.hu\/?cat=7\" rel=\"category\">Sport<\/a>","tag_info":"Sport","comment_count":"0","_links":{"self":[{"href":"https:\/\/www.hsw.hu\/index.php?rest_route=\/wp\/v2\/posts\/20209","targetHints":{"allow":["GET"]}}],"collection":[{"href":"https:\/\/www.hsw.hu\/index.php?rest_route=\/wp\/v2\/posts"}],"about":[{"href":"https:\/\/www.hsw.hu\/index.php?rest_route=\/wp\/v2\/types\/post"}],"author":[{"embeddable":true,"href":"https:\/\/www.hsw.hu\/index.php?rest_route=\/wp\/v2\/users\/1"}],"replies":[{"embeddable":true,"href":"https:\/\/www.hsw.hu\/index.php?rest_route=%2Fwp%2Fv2%2Fcomments&post=20209"}],"version-history":[{"count":2,"href":"https:\/\/www.hsw.hu\/index.php?rest_route=\/wp\/v2\/posts\/20209\/revisions"}],"predecessor-version":[{"id":20212,"href":"https:\/\/www.hsw.hu\/index.php?rest_route=\/wp\/v2\/posts\/20209\/revisions\/20212"}],"wp:featuredmedia":[{"embeddable":true,"href":"https:\/\/www.hsw.hu\/index.php?rest_route=\/wp\/v2\/media\/20210"}],"wp:attachment":[{"href":"https:\/\/www.hsw.hu\/index.php?rest_route=%2Fwp%2Fv2%2Fmedia&parent=20209"}],"wp:term":[{"taxonomy":"category","embeddable":true,"href":"https:\/\/www.hsw.hu\/index.php?rest_route=%2Fwp%2Fv2%2Fcategories&post=20209"},{"taxonomy":"post_tag","embeddable":true,"href":"https:\/\/www.hsw.hu\/index.php?rest_route=%2Fwp%2Fv2%2Ftags&post=20209"}],"curies":[{"name":"wp","href":"https:\/\/api.w.org\/{rel}","templated":true}]}}