{"id":23009,"date":"2013-10-12T22:55:14","date_gmt":"2013-10-12T21:55:14","guid":{"rendered":"http:\/\/www.hsw.hu\/?p=23009"},"modified":"2013-10-12T22:55:14","modified_gmt":"2013-10-12T21:55:14","slug":"egyre-stabilabb-norbi-osszetett-negyedik-helye","status":"publish","type":"post","link":"https:\/\/www.hsw.hu\/?p=23009","title":{"rendered":"Egyre stabilabb Norbi \u00f6sszetett negyedik helye"},"content":{"rendered":"<p style=\"text-align: justify;\"><a href=\"http:\/\/www.hsw.hu\/wp-content\/uploads\/2013\/10\/20131012_9.jpg\" data-rel=\"lightbox-image-0\" data-imagelightbox=\"0\" data-rl_title=\"\" data-rl_caption=\"\" title=\"\"><img loading=\"lazy\" decoding=\"async\" class=\"alignleft size-thumbnail wp-image-23010\" style=\"margin-left: 3px; margin-right: 3px;\" alt=\"20131012_9\" src=\"\/\/www.hsw.hu\/wp-content\/uploads\/2013\/10\/20131012_9-100x70.jpg\" width=\"100\" height=\"70\" \/><\/a>P\u00e9nteken szinte eg\u00e9sz nap, majd szombaton reggel is es\u0151 \u00e1ztatta a Le Mans-i p\u00e1ly\u00e1t, \u00edgy a szombati szabadedz\u00e9sek m\u00e9g vizes p\u00e1ly\u00e1n zajlottak, \u00e9s az id\u0151m\u00e9r\u0151n sem volt m\u00e9g teljesen sz\u00e1raz az ide\u00e1lis \u00edv.<br \/>\nMindk\u00e9t pil\u00f3t\u00e1nk sim\u00e1n jutott be a Q2-be, ahol Major Benedek 9. lett, Kiss Norbi pedig megszerezte a Pole Poz\u00edci\u00f3t.<\/p>\n<p>Az els\u0151 futam rajtja ut\u00e1n a m\u00e1sodik kanyarban megl\u00f6kt\u00e9k h\u00e1tulr\u00f3l Norbit, \u00edgy le v\u00e1gnia a sik\u00e1nt, emiatt viszont magasan els\u0151nek j\u00f6tt ki a kanyarb\u00f3l. Nem volt m\u00e1s v\u00e1laszt\u00e1sa, vissza kellett maga el\u00e9 engednie Hahnt, akit azt\u00e1n v\u00e9gig nyomott h\u00e1tulr\u00f3l a versenyen, de egy kock\u00e1zatos el\u0151z\u00e9sbe nem mehetett bele Norbi, nehogy \u0151 d\u00f6ntse el az Eur\u00f3pa-bajnok kil\u00e9t\u00e9t (Hahn \u00e9s Albacete k\u00f6z\u00f6tt ekkor m\u00e9g csak p\u00e1r pont a k\u00fcl\u00f6nbs\u00e9g ).<br \/>\nHahn \u00e9s Norbi t\u00f6bb, mint egy c\u00e9legyenesnyi el\u0151nyt aut\u00f3ztak ki maguknak, \u00edgy pil\u00f3t\u00e1nk m\u00e1r sp\u00f3rolhatott a m\u00e1sodik futamra kamionj\u00e1val, \u00e9s k\u00f6nnyed\u00e9n szerezte meg a m\u00e1sodik helyet a dobog\u00f3n.<\/p>\n<p>Major Beni is j\u00f3l rajtolt, de a 2-es kanyarban \u0151t is megl\u00f6kt\u00e9k, Janiec tolakodott be mell\u00e9, emiatt Beni vesztett p\u00e1r poz\u00edci\u00f3t, \u00e9s a 11. helyen tudott tov\u00e1bb menni. A futam fel\u00e9ig t\u00e1madta az el\u0151tte halad\u00f3kat, de el\u0151zni nem tudott, \u00edgy \u0151 is m\u00e1r a m\u00e1sodik futamra koncentr\u00e1lt, \u00e9s vigy\u00e1zott a kamionj\u00e1ra.<\/p>\n<p>A m\u00e1sodik futam rajtj\u00e1t meg kellett ism\u00e9telni, mert a harmadik kanyarban Reinert beforgatt\u00e1k, meg\u00e1llt a kanyar k\u00f6zep\u00e9n, de amint elkezdt\u00e9k lengetni a piros z\u00e1szl\u00f3t, s ezzel elrendelt\u00e9k az \u00faj rajtot, Reinert sz\u00e9pen elindult a rajtr\u00e1cs fel\u00e9&#8230; Csak az\u00e9rt nem j\u00f6tt neki \u00f6ssze, mert az \u00fctk\u00f6z\u00e9sben deffektet kapott, \u00e9s kiintett\u00e9k a m\u00e1sodik rajt el\u0151tt.<br \/>\nBeni a rajt ut\u00e1n elkezdett felz\u00e1rk\u00f3zni, de p\u00e1r k\u00f6r ut\u00e1n a v\u00e1lt\u00f3ban megadta mag\u00e1t valami, nem vette be a fokozatokat, \u00edgy ki kellett \u00e1llnia a versenyb\u0151l az ifj\u00fa pil\u00f3t\u00e1nak. B\u00e1r Janiec hozott rajta n\u00e9h\u00e1ny pontot, Beni tov\u00e1bbra is \u0151rzi 10. hely\u00e9t az \u00f6sszetettben.<br \/>\nNorbi a hetedik helyr\u0151l rajtova \u00e1th\u00e1mozta mag\u00e1t Oestreichen majd Albaceten is. Ezek ut\u00e1n j\u00f6hetett Mika, \u0151 is megvolt sim\u00e1n, de Vrseckyvel m\u00e1r nem b\u00edrt el, j\u00f3l v\u00e9dekezett a cseh pil\u00f3ta.<br \/>\nNorbi az egyre s\u00f6t\u00e9tebb p\u00e1ly\u00e1n m\u00e1r nem akarta nagyon feszegetni az el\u0151z\u00e9st, hiszen az \u00f6sszetett negyedik hely\u00e9rt harcol a Buggyr\u00e1val, ink\u00e1bb vesz\u00edtsen el pontot vele szemben, mintsem \u00f6ssze\u00fctk\u00f6zzenek, \u00e9s kiessen Norbi, vagy meg\u00fcntess\u00e9k \u0151t. \u00cdgy a m\u00e1sodik futamban negyedik lett pil\u00f3t\u00e1nk, de az els\u0151 futamban el\u00e9rt m\u00e1sodik hely\u00e9vel 8 pont el\u0151nnyel v\u00e1rhatja Norbi az utols\u00f3 versenynapot, s amennyiben vas\u00e1rnap Vrsecky el\u0151tt tud v\u00e9gezni, meglehet az \u00f6sszetett negyedik hely!<\/p>\n<p>Forr\u00e1s: <a href=\"http:\/\/www.oxxoracing.com\" target=\"_blank\">OXXO Racing<\/a><\/p>\n","protected":false},"excerpt":{"rendered":"<p>P\u00e9nteken szinte eg\u00e9sz nap, majd szombaton reggel is es\u0151 \u00e1ztatta a Le Mans-i p\u00e1ly\u00e1t, \u00edgy&#8230;<\/p>\n","protected":false},"author":1,"featured_media":23010,"comment_status":"open","ping_status":"open","sticky":false,"template":"","format":"standard","meta":{"footnotes":""},"categories":[7],"tags":[387,388,348,643,711,899,898,549,900,391],"class_list":["post-23009","post","type-post","status-publish","format-standard","has-post-thumbnail","hentry","category-online","tag-europa-bajnoksag","tag-european-championship","tag-kamion","tag-kiss","tag-man","tag-most","tag-norbert","tag-oxxo-racing-team","tag-smolensk","tag-truck-racing"],"featured_image_urls":{"full":["https:\/\/www.hsw.hu\/wp-content\/uploads\/2013\/10\/20131012_9.jpg",600,399,false],"thumbnail":["https:\/\/www.hsw.hu\/wp-content\/uploads\/2013\/10\/20131012_9-100x70.jpg",100,70,true],"medium":["https:\/\/www.hsw.hu\/wp-content\/uploads\/2013\/10\/20131012_9-300x199.jpg",300,199,true],"medium_large":["https:\/\/www.hsw.hu\/wp-content\/uploads\/2013\/10\/20131012_9.jpg",600,399,false],"large":["https:\/\/www.hsw.hu\/wp-content\/uploads\/2013\/10\/20131012_9.jpg",600,399,false],"1536x1536":["https:\/\/www.hsw.hu\/wp-content\/uploads\/2013\/10\/20131012_9.jpg",600,399,false],"2048x2048":["https:\/\/www.hsw.hu\/wp-content\/uploads\/2013\/10\/20131012_9.jpg",600,399,false],"covernews-featured":["https:\/\/www.hsw.hu\/wp-content\/uploads\/2013\/10\/20131012_9.jpg",600,399,false],"covernews-medium":["https:\/\/www.hsw.hu\/wp-content\/uploads\/2013\/10\/20131012_9.jpg",511,340,false]},"author_info":{"display_name":"Toya","author_link":"https:\/\/www.hsw.hu\/?author=1"},"category_info":"<a href=\"https:\/\/www.hsw.hu\/?cat=7\" rel=\"category\">Sport<\/a>","tag_info":"Sport","comment_count":"0","_links":{"self":[{"href":"https:\/\/www.hsw.hu\/index.php?rest_route=\/wp\/v2\/posts\/23009","targetHints":{"allow":["GET"]}}],"collection":[{"href":"https:\/\/www.hsw.hu\/index.php?rest_route=\/wp\/v2\/posts"}],"about":[{"href":"https:\/\/www.hsw.hu\/index.php?rest_route=\/wp\/v2\/types\/post"}],"author":[{"embeddable":true,"href":"https:\/\/www.hsw.hu\/index.php?rest_route=\/wp\/v2\/users\/1"}],"replies":[{"embeddable":true,"href":"https:\/\/www.hsw.hu\/index.php?rest_route=%2Fwp%2Fv2%2Fcomments&post=23009"}],"version-history":[{"count":2,"href":"https:\/\/www.hsw.hu\/index.php?rest_route=\/wp\/v2\/posts\/23009\/revisions"}],"predecessor-version":[{"id":23012,"href":"https:\/\/www.hsw.hu\/index.php?rest_route=\/wp\/v2\/posts\/23009\/revisions\/23012"}],"wp:featuredmedia":[{"embeddable":true,"href":"https:\/\/www.hsw.hu\/index.php?rest_route=\/wp\/v2\/media\/23010"}],"wp:attachment":[{"href":"https:\/\/www.hsw.hu\/index.php?rest_route=%2Fwp%2Fv2%2Fmedia&parent=23009"}],"wp:term":[{"taxonomy":"category","embeddable":true,"href":"https:\/\/www.hsw.hu\/index.php?rest_route=%2Fwp%2Fv2%2Fcategories&post=23009"},{"taxonomy":"post_tag","embeddable":true,"href":"https:\/\/www.hsw.hu\/index.php?rest_route=%2Fwp%2Fv2%2Ftags&post=23009"}],"curies":[{"name":"wp","href":"https:\/\/api.w.org\/{rel}","templated":true}]}}