{"id":2528,"date":"2011-09-18T19:12:40","date_gmt":"2011-09-18T19:12:40","guid":{"rendered":"http:\/\/www.hsw.hu\/?p=2528"},"modified":"2011-09-18T19:13:23","modified_gmt":"2011-09-18T19:13:23","slug":"kiss-norbi-szenzacios-hetvegeje-zolderben","status":"publish","type":"post","link":"https:\/\/www.hsw.hu\/?p=2528","title":{"rendered":"Kiss Norbi szenz\u00e1ci\u00f3s h\u00e9tv\u00e9g\u00e9je Zolderben!"},"content":{"rendered":"<p style=\"text-align: justify;\"><a class=\"highslide\" onclick=\"return vz.expand(this)\" href=\"http:\/\/www.hsw.hu\/wp-content\/uploads\/2011\/09\/9-1316368683.jpg\" data-rel=\"lightbox-image-0\" data-imagelightbox=\"0\" data-rl_title=\"\" data-rl_caption=\"\"><img loading=\"lazy\" decoding=\"async\" class=\"alignleft size-thumbnail wp-image-2529\" style=\"margin-left: 3px; margin-right: 3px;\" title=\"\" src=\"\/\/www.hsw.hu\/wp-content\/uploads\/2011\/09\/9-1316368683-100x70.jpg\" alt=\"\" width=\"100\" height=\"70\" \/><\/a>Az <strong>OXXO Energy Truck Race Team<\/strong> \u00faj pil\u00f3t\u00e1val utazott Zolderba, a FIA Kamion Eur\u00f3pa-bajnoks\u00e1g soron k\u00f6vetkez\u0151 verseny\u00e9re. Az \u00faj pil\u00f3ta <strong>Kiss Norbert<\/strong>, mind\u00f6ssze egyszer, a Hungaroringen tudta tesztelni a versenykamiont, \u00edgy ezt a versenyh\u00e9tv\u00e9g\u00e9t arra sz\u00e1nta a csapat, hogy Norbi szokjon \u00f6ssze a kamionnal, a mez\u0151nnyel, a Truck Race hangulat\u00e1val, \u00e9s tal\u00e1n \u00f6sszej\u00f6het a pontszerz\u00e9s is. De arra, ami a h\u00e9tv\u00e9g\u00e9n t\u00f6rt\u00e9nt, senki nem volt felk\u00e9sz\u00fclve.<\/p>\n<p>F\u0151leg nem a t\u00f6bbi csapat.M\u00e1r a szombati szabadedz\u00e9seken gyors volt Kiss Norbert, \u00e9s mind\u00e9t edz\u00e9sen a 10-ik helyen v\u00e9gzett, majd az id\u0151m\u00e9r\u0151n 11-ik lett.Els\u0151 rajtja olyan j\u00f3l siker\u00fclt, hogy r\u00f6gt\u00f6n felj\u00f6tt eg\u00e9szen a 7-ik helyig, de gyorsan visszael\u0151zte egy Buggyra, m\u00f6g\u00f6tte pedig m\u00e1ris t\u00e1madta egy Allgauer. Norbi onnant\u00f3l folyamatosan j\u00f3 k\u00f6r\u00f6ket futva megl\u00e9pett \u00fcld\u00f6z\u0151je el\u0151l, \u00e9s megk\u00f6zel\u00edtette az el\u0151tte halad\u00f3 versenyz\u0151t. Az utols\u00f3 k\u00f6r\u00f6kben, amikor m\u00e1r-m\u00e1r t\u00e1mad\u00f3 poz\u00edci\u00f3ban volt, f\u00e9kprobl\u00e9m\u00e1i akadtak, \u00edgy maradnia kellett a 8-ik helyen, amit magabiztos el\u0151nnyel \u0151rz\u00f6tt meg a kock\u00e1s z\u00e1szl\u00f3ig, 3 EB pontot szerezve!<\/p>\n<p style=\"text-align: justify;\">A m\u00e1sodik futamon a ford\u00edtott rajtsorrendnek k\u00f6sz\u00f6nhet\u0151en ( az el\u0151z\u0151 futam els\u0151 8 helyezettj\u00e9t megcser\u00e9lik ) a pole poz\u00edci\u00f3b\u00f3l indult Norbi. <em><strong>( Fantasztikus volt l\u00e1tni a rajtot, hogy MI megy\u00fcnk el\u0151l, majd vezetj\u00fck a versenyt!!! )<\/strong><\/em>A rajtja ism\u00e9t fantasztikusan siker\u00fclt, els\u0151nek fordult, majd 8 k\u00f6rig vezette a mez\u0151nyt. T\u00f6k\u00e9letes aut\u00f3z\u00e1ssal, hiba n\u00e9lk\u00fcl vezette &#8222;Tiby&#8221;-t, az OXXO versenykamionj\u00e1t.<br \/>\nM\u00f6g\u00f6tte \u00f3ri\u00e1si csata zajlott, hozz\u00e1 k\u00e9pest \u0171rhaj\u00f3k k\u00f6zeledtek. Markus \u00d6streich m\u00e1r a 4-ik k\u00f6rben k\u00f6zel ker\u00fclt Norbihoz, de el\u0151zni sok\u00e1ig nem tudott. amikor siker\u00fclt, akkor is csak \u00fagy, hogy megl\u00f6kte az OXXO pil\u00f3t\u00e1j\u00e1t, ez\u00e9rt Norbi lecs\u00faszott az \u00edvr\u0151l, \u00edgy elb\u00fajt neki a Renault. K\u00e9t k\u00f6rrel k\u00e9s\u0151bb meg\u00e9rkezett az Eur\u00f3pa-bajnok Albacete, nyom\u00e1ban Adam Lackoval. Lacko r\u00e1tolta Norbira a piros MAN-t, \u00edgy megint mi h\u00faztuk a r\u00f6videbbet, m\u00e1r a 4-ik helyre szor\u00edtottak vissza minket! M\u00e1r csak k\u00e9t k\u00f6r volt h\u00e1tra, \u00e9s meg\u00e9rkeztek a t\u00f6bbiek, r\u00f6gt\u00f6n egy Buggyra, viszont Norbi derekasan k\u00fczd\u00f6tt, tov\u00e1bbra is hiba n\u00e9lk\u00fcl aut\u00f3zott, \u00e9s behozta az OXXO Kamionj\u00e1t a 4-ik helyre, s ezzel \u00fajabb 7 Eb pontot szerzett!!!Onnant\u00f3l a sajt\u00f3 \u00e1lland\u00f3 vend\u00e9g volt az OXXO s\u00e1tr\u00e1ban, a FIA vezet\u0151i egym\u00e1s ut\u00e1n j\u00f6ttek gratul\u00e1lni,\u00e9s b\u00edztatt\u00e1k Norbit, csak \u00edgy tov\u00e1bb, az OXXO csapata pedig v\u00e9gtelen b\u00fcszkes\u00e9ggel fogadta a gratul\u00e1ci\u00f3kat a box utc\u00e1ban, a sajt\u00f3ban, nagyon hi\u00e1nyzott m\u00e1r a siker!Szombat \u00e9jjel \u00f3ri\u00e1si vihar t\u00e9p\u00e1zta a ked\u00e9lyeket \u00e9s a\u00a0 s\u00e1trat, ut\u00f3bbit arr\u00e9bb is tette n\u00e9h\u00e1ny m\u00e9tert, konyh\u00e1stul, ed\u00e9nyest\u00fcl.<\/p>\n<p style=\"text-align: justify;\">Vas\u00e1rnap reggel az id\u0151m\u00e9r\u0151re m\u00e1r felsz\u00e1radt a p\u00e1lya, Kiss Norbit pedig \u00e1rgus szemek figyelt\u00e9k, vajon szerencs\u00e9je volt csak a magyar sr\u00e1cnak, vagy t\u00e9nyleg ennyire j\u00f3.<br \/>\nA v\u00e1laszt Norbi adta meg, aki nem csak a Q2-be jutott be, hanem a 8-ik legjobb id\u0151vel kvalifik\u00e1lta mag\u00e1t a futamokra, \u00fagy, hogy az Eur\u00f3pa-bajnoks\u00e1got vezet\u0151 Jochen Hahn mind\u00f6ssze 52 ezredre, Uwe Nittel pedig csak 57 ezredre v\u00e9gzett Norbi el\u0151tt!<\/p>\n<p style=\"text-align: justify;\">Az els\u0151 futam rajtj\u00e1n\u00e1l a k\u00fcls\u0151 \u00edven volt Norbi, r\u00e1ad\u00e1sul beb\u00fajtak neki n\u00e9-h\u00e1nyan, \u00edgy hamar visszaesett a 10, majd a 11-ik helyre, de r\u00f6gt\u00f6n vissza is tudott t\u00e1madni. Az els\u0151 n\u00e9h\u00e1ny k\u00f6r kisebb \u00fctk\u00f6z\u00e9sekkel, egym\u00e1son fordu-l\u00e1ssal telt el, kett\u0151t tudott el\u0151zni az OXXO pil\u00f3t\u00e1ja, majd el\u0151tte b\u00fcntet\u00e9st kapott egy versenyz\u0151, \u00edgy sz\u00e9pen lassan j\u00f6tt egyre feljebb Kiss Norbi. A futam k\u00f6zepe fel\u00e9 pont el\u0151tte Jochen Hahn motorja felrobbant, ez\u00e9rt rengeteg olaj ker\u00fclt a p\u00e1ly\u00e1ra, Norbi majdnem kics\u00faszott a kavics\u00e1gyba, de szerencs\u00e9re meg tudta fogni a kamiont, \u00e9s a p\u00e1ly\u00e1n maradt. Nem volt szerencs\u00e9je a lek\u00f6-r\u00f6z\u00e9sekkel sem, pont egy kanyarban \u00e9rt utol egy lassabb versenyz\u0151t, akinek a kamionj\u00e1b\u00f3l r\u00e1ad\u00e1sul \u00f6ml\u00f6tt a v\u00edz a p\u00e1ly\u00e1ra, s ezen is cs\u00faszk\u00e1lt Norbi, de siker\u00fclt ezt is t\u00fal\u00e9lni. H\u00e1tulr\u00f3l folyamatosan nyom\u00e1s alatt tartotta \u0151t Janiec, de \u00e9rkezett egy Buggyra, \u00e9s egy Renault is, \u00e1m Norbi a nagy nyom\u00e1s ellen\u00e9re egyenletes, gyors temp\u00f3ban tudta maga m\u00f6g\u00f6tt tartani \u00fcld\u00f6z\u0151it, \u00e9s behozta Tiby-t a 6-ik helyen, ami 6 Eb pontot \u00e9rt.<\/p>\n<div id=\"text_5\" style=\"text-align: justify;\">\n<p>A m\u00e1sodik futamban a 3-ik rajtkock\u00e1b\u00f3l v\u00e1ghatott neki a versenynek Kiss Norbi, s b\u00e1r a rajtja nem volt t\u00f6k\u00e9letes, maradt az \u00e9lmez\u0151nnyel. Az \u00e9len\u00a0 Lacko \u00e9s K\u00f6rber, Albacete h\u00e1tulr\u00f3l k\u00fczd\u00f6tte fel mag\u00e1t, \u0151t nem lehetett tartani, m\u00f6g\u00f6tte Janiec, a Buggyra-val Vresecky, \u00e9s ut\u00e1nuk Norbi. H\u00e1tulr\u00f3l egy Renault,\u00a0 \u00e9s az Allgauerek t\u00e1madt\u00e1k az OXXO pil\u00f3t\u00e1j\u00e1t. \u00d3ri\u00e1si csata zajlott a helyez\u00e9sek\u00e9rt, Janiec-en \u00e1tr\u00e1gt\u00e1k magukat Norbi\u00e9k, kicsit ler\u00e1zt\u00e1k \u00fcld\u00f6z\u0151iket, de\u00a0 Vresecky-hez nem tudott olyan k\u00f6zel ker\u00fclni Norbi, hogy kock\u00e1zat n\u00e9lk\u00fcl t\u00e1madjon, \u00edgy Jobb\u00e1gy \u00c1kos csapatf\u0151n\u00f6k utas\u00edt\u00e1s\u00e1ra maradt a csapat sz\u00e1m\u00e1ra fantasztikus 5-ik helyen. A futam ut\u00e1n der\u00fclt ki, hogy Vresecky t\u00f6bb m\u00e1sodperces b\u00fcntet\u00e9st kapott, \u00edgy Kiss Norbi v\u00e9g\u00fcl 4-ik lett az utols\u00f3 futamban, 7 Eb pontot gy\u0171jtve!<\/p>\n<\/div>\n<p style=\"text-align: justify;\"><em>&#8222;Nagyon boldog vagyok, hogy ilyen h\u00e9tv\u00e9g\u00e9t produk\u00e1ltunk &#8211; <\/em>kezdte nyilatkozat\u00e1t Kiss Norbi <em>&#8211; k\u00f6sz\u00f6n\u00f6m a csapatnak a sok munk\u00e1t, a t\u00f6k\u00e9letes aut\u00f3t. Ahhoz k\u00e9pest, hogy rem\u00e9nykedt\u00fcnk a pontszerz\u00e9sben, \u00f6sszesen 23 Eur\u00f3pa-bajnoki pontot gy\u0171jt\u00f6tt\u00fcnk a h\u00e9tv\u00e9g\u00e9n, ez fantasztikus eredm\u00e9ny. Sok mindent kell m\u00e9g tanulnom a Truck Race-r\u0151l, \u00e9s a kamiont is szoknom kell, de azt gondolom, siker\u00fclt j\u00f3l bemutatkozni a mez\u0151nyben.&#8221;<\/em><\/p>\n<p style=\"text-align: justify;\">Forr\u00e1s: OXXO Racing<\/p>\n","protected":false},"excerpt":{"rendered":"<p>Az OXXO Energy Truck Race Team \u00faj pil\u00f3t\u00e1val utazott Zolderba, a FIA Kamion Eur\u00f3pa-bajnoks\u00e1g soron&#8230;<\/p>\n","protected":false},"author":1,"featured_media":2529,"comment_status":"open","ping_status":"open","sticky":false,"template":"","format":"standard","meta":{"footnotes":""},"categories":[7],"tags":[],"class_list":["post-2528","post","type-post","status-publish","format-standard","has-post-thumbnail","hentry","category-online"],"featured_image_urls":{"full":["https:\/\/www.hsw.hu\/wp-content\/uploads\/2011\/09\/9-1316368683.jpg",410,273,false],"thumbnail":["https:\/\/www.hsw.hu\/wp-content\/uploads\/2011\/09\/9-1316368683-100x70.jpg",100,70,true],"medium":["https:\/\/www.hsw.hu\/wp-content\/uploads\/2011\/09\/9-1316368683-300x199.jpg",300,199,true],"medium_large":["https:\/\/www.hsw.hu\/wp-content\/uploads\/2011\/09\/9-1316368683.jpg",410,273,false],"large":["https:\/\/www.hsw.hu\/wp-content\/uploads\/2011\/09\/9-1316368683.jpg",410,273,false],"1536x1536":["https:\/\/www.hsw.hu\/wp-content\/uploads\/2011\/09\/9-1316368683.jpg",410,273,false],"2048x2048":["https:\/\/www.hsw.hu\/wp-content\/uploads\/2011\/09\/9-1316368683.jpg",410,273,false],"covernews-featured":["https:\/\/www.hsw.hu\/wp-content\/uploads\/2011\/09\/9-1316368683.jpg",410,273,false],"covernews-medium":["https:\/\/www.hsw.hu\/wp-content\/uploads\/2011\/09\/9-1316368683.jpg",410,273,false]},"author_info":{"display_name":"Toya","author_link":"https:\/\/www.hsw.hu\/?author=1"},"category_info":"<a href=\"https:\/\/www.hsw.hu\/?cat=7\" rel=\"category\">Sport<\/a>","tag_info":"Sport","comment_count":"0","_links":{"self":[{"href":"https:\/\/www.hsw.hu\/index.php?rest_route=\/wp\/v2\/posts\/2528","targetHints":{"allow":["GET"]}}],"collection":[{"href":"https:\/\/www.hsw.hu\/index.php?rest_route=\/wp\/v2\/posts"}],"about":[{"href":"https:\/\/www.hsw.hu\/index.php?rest_route=\/wp\/v2\/types\/post"}],"author":[{"embeddable":true,"href":"https:\/\/www.hsw.hu\/index.php?rest_route=\/wp\/v2\/users\/1"}],"replies":[{"embeddable":true,"href":"https:\/\/www.hsw.hu\/index.php?rest_route=%2Fwp%2Fv2%2Fcomments&post=2528"}],"version-history":[{"count":3,"href":"https:\/\/www.hsw.hu\/index.php?rest_route=\/wp\/v2\/posts\/2528\/revisions"}],"predecessor-version":[{"id":2532,"href":"https:\/\/www.hsw.hu\/index.php?rest_route=\/wp\/v2\/posts\/2528\/revisions\/2532"}],"wp:featuredmedia":[{"embeddable":true,"href":"https:\/\/www.hsw.hu\/index.php?rest_route=\/wp\/v2\/media\/2529"}],"wp:attachment":[{"href":"https:\/\/www.hsw.hu\/index.php?rest_route=%2Fwp%2Fv2%2Fmedia&parent=2528"}],"wp:term":[{"taxonomy":"category","embeddable":true,"href":"https:\/\/www.hsw.hu\/index.php?rest_route=%2Fwp%2Fv2%2Fcategories&post=2528"},{"taxonomy":"post_tag","embeddable":true,"href":"https:\/\/www.hsw.hu\/index.php?rest_route=%2Fwp%2Fv2%2Ftags&post=2528"}],"curies":[{"name":"wp","href":"https:\/\/api.w.org\/{rel}","templated":true}]}}