{"id":26224,"date":"2013-12-21T19:15:50","date_gmt":"2013-12-21T18:15:50","guid":{"rendered":"http:\/\/www.hsw.hu\/?p=26224"},"modified":"2013-12-21T19:15:50","modified_gmt":"2013-12-21T18:15:50","slug":"rf-rally-la-canada-v0-9","status":"publish","type":"post","link":"https:\/\/www.hsw.hu\/?p=26224","title":{"rendered":"rF Rally La Canada v0.9"},"content":{"rendered":"<p style=\"text-align: justify;\"><span><a href=\"http:\/\/www.hsw.hu\/wp-content\/uploads\/2013\/12\/6200-Rally_La_Canada_8AD3294BB2.jpg\" data-rel=\"lightbox-image-0\" data-imagelightbox=\"0\" data-rl_title=\"\" data-rl_caption=\"\" title=\"\"><img loading=\"lazy\" decoding=\"async\" class=\"alignleft size-thumbnail wp-image-26225\" style=\"margin-left: 3px; margin-right: 3px;\" alt=\"6200-Rally_La_Canada_8AD3294BB2\" src=\"\/\/www.hsw.hu\/wp-content\/uploads\/2013\/12\/6200-Rally_La_Canada_8AD3294BB2-100x70.jpg\" width=\"100\" height=\"70\" \/><\/a>Adrian Izquierdo egy kiv\u00e1l\u00f3 rally p\u00e1ly\u00e1val \u00f6rvendeztette meg az rFactorosokat. Ez\u00fattal a Kan\u00e1ri szigeteken tal\u00e1lhat\u00f3 La Canada vonalvezet\u00e9s\u00e9n tehetitek pr\u00f3b\u00e1ra magatokat. A 14.1 km-es aszfaltos p\u00e1ly\u00e1t ez\u00fattal a v\u00e1ltozatoss\u00e1g kedv\u00e9\u00e9rt h\u00f3 bor\u00edtja, \u00edgy minden tud\u00e1sotokra sz\u00fcks\u00e9g lesz a j\u00f3 id\u0151 el\u00e9r\u00e9s\u00e9hez.<\/span><\/p>\n<p style=\"text-align: center;\"><a href=\"https:\/\/mega.co.nz\/#!6kI0SRhB!NliF9nFVMPIagatVcYhD9BXjqSQKslLuS4f2AFufsTg\" target=\"_blank\">Let\u00f6lt\u00e9s (MEGA)<\/a><br \/>\n<a href=\"http:\/\/www.fileswap.com\/dl\/de8lBwZfKz\/Rally_la_Ca\u00f1ada_By_AdrianIzquierdo.rar.html\" target=\"_blank\">Let\u00f6lt\u00e9s (FileSwap)<\/a><\/p>\n","protected":false},"excerpt":{"rendered":"<p>Adrian Izquierdo egy kiv\u00e1l\u00f3 rally p\u00e1ly\u00e1val \u00f6rvendeztette meg az rFactorosokat. Ez\u00fattal a Kan\u00e1ri szigeteken tal\u00e1lhat\u00f3&#8230;<\/p>\n","protected":false},"author":1,"featured_media":26225,"comment_status":"open","ping_status":"open","sticky":false,"template":"","format":"standard","meta":{"footnotes":""},"categories":[11,71,67],"tags":[40,16,49,152,15,68,69,50,46,1227],"class_list":["post-26224","post","type-post","status-publish","format-standard","has-post-thumbnail","hentry","category-media","category-rf-palyak","category-rfactor","tag-dlc","tag-download","tag-game","tag-jatek","tag-letoltes-2","tag-mod-2","tag-modding","tag-pc","tag-racing","tag-rfactor"],"featured_image_urls":{"full":["https:\/\/www.hsw.hu\/wp-content\/uploads\/2013\/12\/6200-Rally_La_Canada_8AD3294BB2.jpg",800,600,false],"thumbnail":["https:\/\/www.hsw.hu\/wp-content\/uploads\/2013\/12\/6200-Rally_La_Canada_8AD3294BB2-100x70.jpg",100,70,true],"medium":["https:\/\/www.hsw.hu\/wp-content\/uploads\/2013\/12\/6200-Rally_La_Canada_8AD3294BB2-300x225.jpg",300,225,true],"medium_large":["https:\/\/www.hsw.hu\/wp-content\/uploads\/2013\/12\/6200-Rally_La_Canada_8AD3294BB2.jpg",640,480,false],"large":["https:\/\/www.hsw.hu\/wp-content\/uploads\/2013\/12\/6200-Rally_La_Canada_8AD3294BB2.jpg",640,480,false],"1536x1536":["https:\/\/www.hsw.hu\/wp-content\/uploads\/2013\/12\/6200-Rally_La_Canada_8AD3294BB2.jpg",800,600,false],"2048x2048":["https:\/\/www.hsw.hu\/wp-content\/uploads\/2013\/12\/6200-Rally_La_Canada_8AD3294BB2.jpg",800,600,false],"covernews-featured":["https:\/\/www.hsw.hu\/wp-content\/uploads\/2013\/12\/6200-Rally_La_Canada_8AD3294BB2.jpg",800,600,false],"covernews-medium":["https:\/\/www.hsw.hu\/wp-content\/uploads\/2013\/12\/6200-Rally_La_Canada_8AD3294BB2.jpg",453,340,false]},"author_info":{"display_name":"Toya","author_link":"https:\/\/www.hsw.hu\/?author=1"},"category_info":"<a href=\"https:\/\/www.hsw.hu\/?cat=11\" rel=\"category\">Let\u00f6lt\u00e9sek<\/a> <a href=\"https:\/\/www.hsw.hu\/?cat=71\" rel=\"category\">rf P\u00e1ly\u00e1k<\/a> <a href=\"https:\/\/www.hsw.hu\/?cat=67\" rel=\"category\">rFactor<\/a>","tag_info":"rFactor","comment_count":"0","_links":{"self":[{"href":"https:\/\/www.hsw.hu\/index.php?rest_route=\/wp\/v2\/posts\/26224","targetHints":{"allow":["GET"]}}],"collection":[{"href":"https:\/\/www.hsw.hu\/index.php?rest_route=\/wp\/v2\/posts"}],"about":[{"href":"https:\/\/www.hsw.hu\/index.php?rest_route=\/wp\/v2\/types\/post"}],"author":[{"embeddable":true,"href":"https:\/\/www.hsw.hu\/index.php?rest_route=\/wp\/v2\/users\/1"}],"replies":[{"embeddable":true,"href":"https:\/\/www.hsw.hu\/index.php?rest_route=%2Fwp%2Fv2%2Fcomments&post=26224"}],"version-history":[{"count":2,"href":"https:\/\/www.hsw.hu\/index.php?rest_route=\/wp\/v2\/posts\/26224\/revisions"}],"predecessor-version":[{"id":26227,"href":"https:\/\/www.hsw.hu\/index.php?rest_route=\/wp\/v2\/posts\/26224\/revisions\/26227"}],"wp:featuredmedia":[{"embeddable":true,"href":"https:\/\/www.hsw.hu\/index.php?rest_route=\/wp\/v2\/media\/26225"}],"wp:attachment":[{"href":"https:\/\/www.hsw.hu\/index.php?rest_route=%2Fwp%2Fv2%2Fmedia&parent=26224"}],"wp:term":[{"taxonomy":"category","embeddable":true,"href":"https:\/\/www.hsw.hu\/index.php?rest_route=%2Fwp%2Fv2%2Fcategories&post=26224"},{"taxonomy":"post_tag","embeddable":true,"href":"https:\/\/www.hsw.hu\/index.php?rest_route=%2Fwp%2Fv2%2Ftags&post=26224"}],"curies":[{"name":"wp","href":"https:\/\/api.w.org\/{rel}","templated":true}]}}