{"id":30944,"date":"2014-06-07T21:17:17","date_gmt":"2014-06-07T20:17:17","guid":{"rendered":"http:\/\/www.hsw.hu\/?p=30944"},"modified":"2014-06-07T21:17:17","modified_gmt":"2014-06-07T20:17:17","slug":"kiss-norbi-vezeti-a-kamion-europa-bajnoksagot","status":"publish","type":"post","link":"https:\/\/www.hsw.hu\/?p=30944","title":{"rendered":"Kiss Norbi vezeti a Kamion Eur\u00f3pa-bajnoks\u00e1got!"},"content":{"rendered":"<p style=\"text-align: justify;\"><span style=\"color: #000000; background-color: #ffffff;\"><a href=\"http:\/\/www.hsw.hu\/wp-content\/uploads\/2014\/06\/20140607_8.jpg\" data-rel=\"lightbox-image-0\" data-imagelightbox=\"0\" data-rl_title=\"\" data-rl_caption=\"\" title=\"\"><img loading=\"lazy\" decoding=\"async\" class=\"alignleft size-thumbnail wp-image-30945\" src=\"\/\/www.hsw.hu\/wp-content\/uploads\/2014\/06\/20140607_8-100x70.jpg\" alt=\"20140607_8\" width=\"100\" height=\"70\" \/><\/a>Az\u00a0OXXO Energy Truck Race Team<span style=\"color: #000000; background-color: #ffffff;\">\u00a0k\u00e9t magyar pil\u00f3t\u00e1ja bizakodva v\u00e1gott neki a szombati napnak, hiszen Kiss Norbi Misanoban k\u00e9t Pole poz\u00edci\u00f3val kezdte a szezont, Major Benedek pedig \u00faj fejleszt\u00e9sekkel \u00e9rkezett a spanyol futamra.<\/span><br style=\"color: #ffffff;\" \/><br style=\"color: #ffffff;\" \/><span style=\"color: #000000; background-color: #ffffff;\">Az id\u0151m\u00e9r\u0151re indulva Beninek elfolyt a korm\u00e1nyszerv\u00f3b\u00f3l az olaj, \u00edgy nem tudott kimenni a p\u00e1ly\u00e1ra, Norbi viszont a harmadik rajthelyet szerezte meg, k\u00e9t nagy riv\u00e1lisa, Albacete \u00e9s Hahn m\u00f6g\u00f6tt.<\/span><br style=\"color: #ffffff;\" \/><br style=\"color: #ffffff;\" \/><span style=\"color: #000000; background-color: #ffffff;\">Az els\u0151 futam rajta el\u0151tt Hahn gener\u00e1tora felrobbant, \u00edgy a felvezet\u0151 k\u00f6r\u00f6n ki\u00e1llt Norbi el\u0151l. A rajtot k\u00f6vet\u0151en az els\u0151 kanyarban baleset t\u00f6rt\u00e9nt, kamionok maradtak a p\u00e1ly\u00e1n, \u00edgy piros z\u00e1szl\u00f3val leintett\u00e9k a futamot, \u00e9s mindenkinek vissza kellett \u00e1llni eredeti hely\u00e9re. Ez Beninek j\u00f6tt a legrosszabbkor, ugyanis a 20. helyr\u0151l egy k\u00f6r alatt a 12. helyre j\u00f6tt fel, de mehetett vissza a mez\u0151ny v\u00e9g\u00e9re a m\u00e1sodik rajtra.<\/span><br style=\"color: #ffffff;\" \/><span style=\"color: #000000; background-color: #ffffff;\">Az \u00fajraind\u00edt\u00e1s ut\u00e1n Norbi megtartotta m\u00e1sodik hely\u00e9t, \u00e9s a futam v\u00e9ge fel\u00e9 m\u00e1r t\u00e1madta Albacetet, de a piros z\u00e1szl\u00f3 miatti plusz k\u00e9t k\u00f6r alatt kifogyott a pontosan kisz\u00e1m\u00edtott f\u00e9kh\u0171t\u0151 vize, \u00edgy nem tudott el\u0151z\u00e9si man\u0151verbe kezdeni, bej\u00f6tt a m\u00e1sodik helyen, amivel \u00e1tvette a vezet\u00e9st a bajnoks\u00e1gban.<\/span><br style=\"color: #ffffff;\" \/><span style=\"color: #000000; background-color: #ffffff;\">Major Beni teh\u00e1t m\u00e1sodszor v\u00e1ghatott neki a futamnak az utols\u00f3 helyr\u0151l, \u00e9s hatalmas csat\u00e1kban felj\u00f6tt a 9. poz\u00edci\u00f3ba, egy spanyol pil\u00f3ta m\u00f6g\u00e9, aki mindent bevetve v\u00e9dte a 8., a m\u00e1sodik futamban Pole-t \u00e9r\u0151 hely\u00e9t, Beni pedig tiszt\u00e1n nem tudott el\u0151zni, \u00edgy maradt kilencedik, ami az utols\u00f3 helyr\u0151l indulva nagy teljes\u00edtm\u00e9ny.<\/span><br style=\"color: #ffffff;\" \/><br style=\"color: #ffffff;\" \/><span style=\"color: #000000; background-color: #ffffff;\">A m\u00e1sodik futamnak a kilencedik helyr\u0151l v\u00e1ghatott neki Beni, az els\u0151 kanyarban Reinert picit leszor\u00edtotta, \u00edgy h\u00e1tr\u00e9bb esett a m\u00e9g mindig csak 17 \u00e9ves pil\u00f3ta, de foggal-k\u00f6r\u00f6mmel harcolva a visszaszerezte a kilencedik helyet, \u00e9s \u00fajabb 2 Eb pontot begy\u0171jtve z\u00e1rta a szombatot.<\/span><br style=\"color: #ffffff;\" \/><br style=\"color: #ffffff;\" \/><span style=\"color: #000000; background-color: #ffffff;\">Kiss Norbi pont Beni el\u0151l, a 7. helyen rajtolt, \u00e9s viszonylag hamar fel\u00e9rt a m\u00e1sodik helyre, de addigra az \u00e9len halad\u00f3 Vrseckynek m\u00e1r nagy el\u0151nye volt, amit csak az utols\u00f3 p\u00e1r k\u00f6rre tudott ledolgozni Norbi. Amikor m\u00e1r t\u00e1mad\u00e1si poz\u00edci\u00f3ban volt pil\u00f3t\u00e1nk, megint k\u00f6zbesz\u00f3lt a technika, ugyanis az \u00f6sszes f\u00e9kkel kapcsolatos visszajelz\u0151 m\u0171szer els\u00f6t\u00e9t\u00fclt, \u00edgy lass\u00edtania kellett, majd egyszer csak visszaj\u00f6tt minden, \u00e9s Norbi \u00fajra utol\u00e9rte a Buggyr\u00e1t. T\u00e1madni viszont m\u00e1r nem volt ideje &#8211; csup\u00e1n 1 k\u00f6r kellett volna m\u00e9g -, \u00edgy szombaton m\u00e1sodszor is a dobog\u00f3 m\u00e1sodik hely\u00e9n v\u00e9gzett, \u00f6sszesen 24 Eb pontot szerezve a navarrai els\u0151 napon. Norbi &#8211; a csapat t\u00f6rt\u00e9nelm\u00e9ben el\u0151sz\u00f6r &#8211; az Eur\u00f3pa-bajnoks\u00e1g \u00e9l\u00e9n v\u00e1rja a vas\u00e1rnapot, el\u0151nye 4 pont Albacetevel, 12 Lackoval \u00e9s 14 Hahnnal szemben.\u00a0<\/span><br style=\"color: #ffffff;\" \/><br style=\"color: #ffffff;\" \/><span style=\"color: #000000; background-color: #ffffff;\">T\u00f6rt\u00e9nt viszont valami a h\u00e9tv\u00e9g\u00e9n, ami miatt innent\u0151l kezdve k\u00e9tf\u00e9le pontt\u00e1bl\u00e1zatot vezetnek a FIA-n\u00e1l. A Buggyra csapat sportszer\u0171tlen viselked\u00e9s miatt vizsg\u00e1lat alatt \u00e1ll, amit az FIA a k\u00e9s\u0151bbiekben fog elv\u00e9gezni. Jelenleg, a vizsg\u00e1latig felf\u00fcggesztve ki vannak z\u00e1rva mindk\u00e9t versenyz\u0151j\u00fckkel a teljes navarrai h\u00e9tv\u00e9g\u00e9r\u0151l, \u00edgy pontos tabell\u00e1t csak a d\u00f6nt\u00e9s ut\u00e1n fogunk l\u00e1tni, persze ez Norbi els\u0151 hely\u00e9t nem befoly\u00e1solja, a pontjait viszont m\u00e9g n\u00f6velheti, Beni poz\u00edci\u00f3it viszont komolyan is befoly\u00e1solhatja a d\u00f6nt\u00e9s &#8211; persze csak pozit\u00edv ir\u00e1nyba, hiszen el\u0151tte v\u00e9geztek a Buggyr\u00e1k.<\/span><\/span><\/p>\n<p style=\"text-align: center;\"><iframe loading=\"lazy\" src=\"\/\/www.youtube.com\/embed\/LLqp-VtnMA8\" width=\"425\" height=\"350\"><\/iframe><\/p>\n<p style=\"text-align: left;\">Forr\u00e1s: <a href=\"http:\/\/www.oxxoracing.hu\" target=\"_blank\"><strong>OXXO Racing<\/strong><\/a><\/p>\n","protected":false},"excerpt":{"rendered":"<p>Az\u00a0OXXO Energy Truck Race Team\u00a0k\u00e9t magyar pil\u00f3t\u00e1ja bizakodva v\u00e1gott neki a szombati napnak, hiszen Kiss&#8230;<\/p>\n","protected":false},"author":1,"featured_media":30945,"comment_status":"open","ping_status":"open","sticky":false,"template":"","format":"standard","meta":{"footnotes":""},"categories":[7],"tags":[1060,642,385,644,711,549,65,550],"class_list":["post-30944","post","type-post","status-publish","format-standard","has-post-thumbnail","hentry","category-online","tag-1060","tag-kamion-europa-bajnoksag","tag-kiss-norbert","tag-major-benedek","tag-man","tag-oxxo-racing-team","tag-truck","tag-truck-european-championship"],"featured_image_urls":{"full":["https:\/\/www.hsw.hu\/wp-content\/uploads\/2014\/06\/20140607_8.jpg",700,467,false],"thumbnail":["https:\/\/www.hsw.hu\/wp-content\/uploads\/2014\/06\/20140607_8-100x70.jpg",100,70,true],"medium":["https:\/\/www.hsw.hu\/wp-content\/uploads\/2014\/06\/20140607_8-300x200.jpg",300,200,true],"medium_large":["https:\/\/www.hsw.hu\/wp-content\/uploads\/2014\/06\/20140607_8.jpg",640,427,false],"large":["https:\/\/www.hsw.hu\/wp-content\/uploads\/2014\/06\/20140607_8.jpg",640,427,false],"1536x1536":["https:\/\/www.hsw.hu\/wp-content\/uploads\/2014\/06\/20140607_8.jpg",700,467,false],"2048x2048":["https:\/\/www.hsw.hu\/wp-content\/uploads\/2014\/06\/20140607_8.jpg",700,467,false],"covernews-featured":["https:\/\/www.hsw.hu\/wp-content\/uploads\/2014\/06\/20140607_8.jpg",700,467,false],"covernews-medium":["https:\/\/www.hsw.hu\/wp-content\/uploads\/2014\/06\/20140607_8.jpg",510,340,false]},"author_info":{"display_name":"Toya","author_link":"https:\/\/www.hsw.hu\/?author=1"},"category_info":"<a href=\"https:\/\/www.hsw.hu\/?cat=7\" rel=\"category\">Sport<\/a>","tag_info":"Sport","comment_count":"0","_links":{"self":[{"href":"https:\/\/www.hsw.hu\/index.php?rest_route=\/wp\/v2\/posts\/30944","targetHints":{"allow":["GET"]}}],"collection":[{"href":"https:\/\/www.hsw.hu\/index.php?rest_route=\/wp\/v2\/posts"}],"about":[{"href":"https:\/\/www.hsw.hu\/index.php?rest_route=\/wp\/v2\/types\/post"}],"author":[{"embeddable":true,"href":"https:\/\/www.hsw.hu\/index.php?rest_route=\/wp\/v2\/users\/1"}],"replies":[{"embeddable":true,"href":"https:\/\/www.hsw.hu\/index.php?rest_route=%2Fwp%2Fv2%2Fcomments&post=30944"}],"version-history":[{"count":1,"href":"https:\/\/www.hsw.hu\/index.php?rest_route=\/wp\/v2\/posts\/30944\/revisions"}],"predecessor-version":[{"id":30946,"href":"https:\/\/www.hsw.hu\/index.php?rest_route=\/wp\/v2\/posts\/30944\/revisions\/30946"}],"wp:featuredmedia":[{"embeddable":true,"href":"https:\/\/www.hsw.hu\/index.php?rest_route=\/wp\/v2\/media\/30945"}],"wp:attachment":[{"href":"https:\/\/www.hsw.hu\/index.php?rest_route=%2Fwp%2Fv2%2Fmedia&parent=30944"}],"wp:term":[{"taxonomy":"category","embeddable":true,"href":"https:\/\/www.hsw.hu\/index.php?rest_route=%2Fwp%2Fv2%2Fcategories&post=30944"},{"taxonomy":"post_tag","embeddable":true,"href":"https:\/\/www.hsw.hu\/index.php?rest_route=%2Fwp%2Fv2%2Ftags&post=30944"}],"curies":[{"name":"wp","href":"https:\/\/api.w.org\/{rel}","templated":true}]}}