{"id":30989,"date":"2014-06-08T23:06:58","date_gmt":"2014-06-08T22:06:58","guid":{"rendered":"http:\/\/www.hsw.hu\/?p=30989"},"modified":"2014-06-08T23:06:58","modified_gmt":"2014-06-08T22:06:58","slug":"kiss-norbi-az-europa-bajnoksag-elen-varja-nogarot","status":"publish","type":"post","link":"https:\/\/www.hsw.hu\/?p=30989","title":{"rendered":"Kiss Norbi az Eur\u00f3pa-bajnoks\u00e1g \u00e9l\u00e9n v\u00e1rja Nogarot!"},"content":{"rendered":"<p style=\"text-align: justify;\"><span style=\"color: #000000; background-color: #ffffff;\"><a href=\"http:\/\/www.hsw.hu\/wp-content\/uploads\/2014\/06\/20140608_1.jpg\" data-rel=\"lightbox-image-0\" data-imagelightbox=\"0\" data-rl_title=\"\" data-rl_caption=\"\" title=\"\"><img loading=\"lazy\" decoding=\"async\" class=\"alignleft size-thumbnail wp-image-30990\" src=\"\/\/www.hsw.hu\/wp-content\/uploads\/2014\/06\/20140608_1-100x70.jpg\" alt=\"20140608_1\" width=\"100\" height=\"70\" \/><\/a>Szombat \u00e9jjel v\u00e1lt\u00f3t cser\u00e9lt a csapat Norbi kamionj\u00e1n, majd az id\u0151m\u00e9r\u0151n nekiv\u00e1gtunk a Pole-nak, de az utols\u00f3 szektorban nem lehetett megverni a hazai versenyz\u0151t, Albacetet, \u00edgy Norbi m\u00e1sodik lett.<\/span><br style=\"color: #ffffff;\" \/><span style=\"color: #000000; background-color: #ffffff;\">Beni kamionja j\u00f3l m\u0171k\u00f6d\u00f6tt, \u00e9s az ifj\u00fa pil\u00f3ta be is jutott vele a Super Pole-ban, ahol a nyolcadik helyet szerezte meg.<\/span><br style=\"color: #ffffff;\" \/><br style=\"color: #ffffff;\" \/><span style=\"color: #000000; background-color: #ffffff;\">Beni rajtja j\u00f3l siker\u00fclt, nyolcadiknak fordult, majd v\u00e9gig Reinert nyom\u00e1ban aut\u00f3zott, de nem volt lehet\u0151s\u00e9ge t\u00e1madni, r\u00e1ad\u00e1sul a ford\u00edtott rajtr\u00e1cs miatt a m\u00e1sodik futamon Pole-t \u00e9rt a helyez\u00e9se, \u00edgy ink\u00e1bb \u00f3vta a gumikat, \u00e9s bej\u00f6tt a nyolcadik helyen.<\/span><br style=\"color: #ffffff;\" \/><span style=\"color: #000000; background-color: #ffffff;\">Norbit a rajt ut\u00e1ni els\u0151 kanyarban megl\u00f6kte h\u00e1tulr\u00f3l Hahn, emiatt elment mellette B\u00f6siger, akit\u0151l m\u00e9g visszavette hely\u00e9t Norbi, de Albacetet csak a futam v\u00e9g\u00e9re \u00e9rte utol, \u00edgy el\u0151z\u00e9sre nem volt lehet\u0151s\u00e9ge, a m\u00e1sodik helyen intette le a kock\u00e1s z\u00e1szl\u00f3.<\/span><br style=\"color: #ffffff;\" \/><br style=\"color: #ffffff;\" \/><span style=\"color: #000000; background-color: #ffffff;\">A m\u00e1sodik futamban a Pole-b\u00f3l rajtolva Beni az els\u0151 kanyarban \u00f6sszeakadt Reinert-tal, emiatt megel\u0151zte egy Buggyra, ezut\u00e1n pedig a v\u00e1lt\u00f3ja kezdett el rendetlenkedni, \u00edgy visszaesett a hatodik helyre. Onnant\u00f3l m\u00e1r tudta tartani a temp\u00f3t az el\u0151tte halad\u00f3 pil\u00f3t\u00e1kkal, lel\u00e9pett \u00fcld\u00f6z\u0151i el\u0151l, \u00e9s behozta kamionj\u00e1t a hatodik, 5 Eb pontot \u00e9r\u0151 helyen. Beni a h\u00e9tv\u00e9gi eredm\u00e9ny\u00e9vel felj\u00f6tt a bajnoks\u00e1g kilencedik hely\u00e9re.<\/span><br style=\"color: #ffffff;\" \/><span style=\"color: #000000; background-color: #ffffff;\">Kiss Norbi a hetedik helyr\u0151l kezdte a m\u00e1sodik futamot, \u00e9s folyamatosan j\u00f6tt fel, eg\u00e9szen a harmadik helyig, ahol Vrsecky aut\u00f3zott el\u0151tte. Rajta fennakadt picit Norbi, j\u00f3l v\u00e9dekezett a Buggyr\u00e1s, de az els\u0151 hib\u00e1n\u00e1l beb\u00fajt neki pil\u00f3t\u00e1nk, \u00e9s \u00e1tvette a m\u00e1sodik helyet.<\/span><br style=\"color: #ffffff;\" \/><br style=\"color: #ffffff;\" \/><span style=\"color: #000000; background-color: #ffffff;\">Az \u00e9len halad\u00f3 Hahn m\u00e1r akkora el\u0151nnyel vezetett, hogy nem volt es\u00e9ly utol\u00e9rni, \u00edgy Norbi a h\u00e9tv\u00e9ge folyam\u00e1n negyedszer is a m\u00e1sodik helyen v\u00e9gzett.<\/span><\/p>\n<p style=\"text-align: justify;\"><span style=\"color: #000000; background-color: #ffffff;\">Kiss Norbi Navarr\u00e1ban minden futamon dobog\u00f3n \u00e1llt &#8211; mindegyiken m\u00e1sodik lett -, 48 Eb pontot szerzett, ami azt jelenti, hogy &#8211; a csapat t\u00f6rt\u00e9nelm\u00e9ben el\u0151sz\u00f6r &#8211; Kamion Eur\u00f3pa-bajnoks\u00e1g \u00e9llovasak\u00e9nt v\u00e1rhatja a k\u00f6vetkez\u0151, Nogaroi versenyh\u00e9tv\u00e9g\u00e9t!<\/span><\/p>\n<p style=\"text-align: center;\"><iframe loading=\"lazy\" src=\"\/\/www.youtube.com\/embed\/Pe2UtW_Vg58\" width=\"425\" height=\"350\"><\/iframe><\/p>\n<p style=\"text-align: left;\">Forr\u00e1s: <a href=\"http:\/\/www.oxxoracing.com\/\" target=\"_blank\"><strong>OXXO Racing<\/strong><\/a><\/p>\n","protected":false},"excerpt":{"rendered":"<p>Szombat \u00e9jjel v\u00e1lt\u00f3t cser\u00e9lt a csapat Norbi kamionj\u00e1n, majd az id\u0151m\u00e9r\u0151n nekiv\u00e1gtunk a Pole-nak, de&#8230;<\/p>\n","protected":false},"author":1,"featured_media":30990,"comment_status":"open","ping_status":"open","sticky":false,"template":"","format":"standard","meta":{"footnotes":""},"categories":[7],"tags":[1060,642,385,644,711,549,65,550],"class_list":["post-30989","post","type-post","status-publish","format-standard","has-post-thumbnail","hentry","category-online","tag-1060","tag-kamion-europa-bajnoksag","tag-kiss-norbert","tag-major-benedek","tag-man","tag-oxxo-racing-team","tag-truck","tag-truck-european-championship"],"featured_image_urls":{"full":["https:\/\/www.hsw.hu\/wp-content\/uploads\/2014\/06\/20140608_1.jpg",700,467,false],"thumbnail":["https:\/\/www.hsw.hu\/wp-content\/uploads\/2014\/06\/20140608_1-100x70.jpg",100,70,true],"medium":["https:\/\/www.hsw.hu\/wp-content\/uploads\/2014\/06\/20140608_1-300x200.jpg",300,200,true],"medium_large":["https:\/\/www.hsw.hu\/wp-content\/uploads\/2014\/06\/20140608_1.jpg",640,427,false],"large":["https:\/\/www.hsw.hu\/wp-content\/uploads\/2014\/06\/20140608_1.jpg",640,427,false],"1536x1536":["https:\/\/www.hsw.hu\/wp-content\/uploads\/2014\/06\/20140608_1.jpg",700,467,false],"2048x2048":["https:\/\/www.hsw.hu\/wp-content\/uploads\/2014\/06\/20140608_1.jpg",700,467,false],"covernews-featured":["https:\/\/www.hsw.hu\/wp-content\/uploads\/2014\/06\/20140608_1.jpg",700,467,false],"covernews-medium":["https:\/\/www.hsw.hu\/wp-content\/uploads\/2014\/06\/20140608_1.jpg",510,340,false]},"author_info":{"display_name":"Toya","author_link":"https:\/\/www.hsw.hu\/?author=1"},"category_info":"<a href=\"https:\/\/www.hsw.hu\/?cat=7\" rel=\"category\">Sport<\/a>","tag_info":"Sport","comment_count":"0","_links":{"self":[{"href":"https:\/\/www.hsw.hu\/index.php?rest_route=\/wp\/v2\/posts\/30989","targetHints":{"allow":["GET"]}}],"collection":[{"href":"https:\/\/www.hsw.hu\/index.php?rest_route=\/wp\/v2\/posts"}],"about":[{"href":"https:\/\/www.hsw.hu\/index.php?rest_route=\/wp\/v2\/types\/post"}],"author":[{"embeddable":true,"href":"https:\/\/www.hsw.hu\/index.php?rest_route=\/wp\/v2\/users\/1"}],"replies":[{"embeddable":true,"href":"https:\/\/www.hsw.hu\/index.php?rest_route=%2Fwp%2Fv2%2Fcomments&post=30989"}],"version-history":[{"count":1,"href":"https:\/\/www.hsw.hu\/index.php?rest_route=\/wp\/v2\/posts\/30989\/revisions"}],"predecessor-version":[{"id":30991,"href":"https:\/\/www.hsw.hu\/index.php?rest_route=\/wp\/v2\/posts\/30989\/revisions\/30991"}],"wp:featuredmedia":[{"embeddable":true,"href":"https:\/\/www.hsw.hu\/index.php?rest_route=\/wp\/v2\/media\/30990"}],"wp:attachment":[{"href":"https:\/\/www.hsw.hu\/index.php?rest_route=%2Fwp%2Fv2%2Fmedia&parent=30989"}],"wp:term":[{"taxonomy":"category","embeddable":true,"href":"https:\/\/www.hsw.hu\/index.php?rest_route=%2Fwp%2Fv2%2Fcategories&post=30989"},{"taxonomy":"post_tag","embeddable":true,"href":"https:\/\/www.hsw.hu\/index.php?rest_route=%2Fwp%2Fv2%2Ftags&post=30989"}],"curies":[{"name":"wp","href":"https:\/\/api.w.org\/{rel}","templated":true}]}}