{"id":32012,"date":"2014-07-23T20:34:25","date_gmt":"2014-07-23T19:34:25","guid":{"rendered":"http:\/\/www.hsw.hu\/?p=32012"},"modified":"2014-07-23T20:34:25","modified_gmt":"2014-07-23T19:34:25","slug":"szinte-tokeletes-versennyel-is-csak-otodikek","status":"publish","type":"post","link":"https:\/\/www.hsw.hu\/?p=32012","title":{"rendered":"Szinte t\u00f6k\u00e9letes versennyel is &#8222;csak&#8221; \u00f6t\u00f6dikek"},"content":{"rendered":"<p style=\"color: #222222; text-align: justify;\"><a href=\"http:\/\/www.hsw.hu\/wp-content\/uploads\/2014\/07\/P7207192.jpg\" data-rel=\"lightbox-image-0\" data-imagelightbox=\"0\" data-rl_title=\"\" data-rl_caption=\"\" title=\"\"><img loading=\"lazy\" decoding=\"async\" class=\"alignleft size-thumbnail wp-image-32013\" src=\"\/\/www.hsw.hu\/wp-content\/uploads\/2014\/07\/P7207192-100x70.jpg\" alt=\"P7207192\" width=\"100\" height=\"70\" \/><\/a>Tim G\u00e1bor \u00e9s Tim\u00e1r Tam\u00e1s kett\u0151s id\u00e9n m\u00e1r a harmadik MARB futamon \u00e1llt rajthoz. A Bakonya Rally az MARB (Magyar Amat\u0151r Rally Bajnoks\u00e1g) 8. versenye volt, melyet megel\u0151z\u0151en a p\u00e1ros, a sikeres Vanyarci rally ut\u00e1n bizakodott, hogy \u00fajra dobog\u00f3ra \u00e1llhatnak.<\/p>\n<p style=\"color: #222222; text-align: justify;\">Azonban a d\u00e9li r\u00e9gi\u00f3ban er\u0151sebb ellenfeleket tal\u00e1ltak maguknak, mint legut\u00f3bb, \u00e9s hi\u00e1ba volt v\u00e9gig t\u00f6k\u00e9letes az aut\u00f3, \u00e9s gyorsultak szakaszr\u00f3l szakaszra, nem tudtak fog\u00e1st tal\u00e1lni az el\u0151tt\u00fck l\u00e9v\u0151k\u00f6n. Az \u00f6sszesen 70 indul\u00f3b\u00f3l v\u00e9g\u00fcl a 14. helyen \u00e9rtek c\u00e9lba, \u00e9s a kateg\u00f3ri\u00e1jukban az \u00f6t\u00f6dikek lett. Ezzel az eredm\u00e9nnyel a bajnoks\u00e1g fel\u00e9n\u00e9l a pontt\u00e1bl\u00e1zat 8. hely\u00e9n \u00e1llnak, ahonnan m\u00e1r csak komoly fejleszt\u00e9sekkel tudn\u00e1nak el\u0151r\u00e9bb l\u00e9pni, de nem adj\u00e1k fel.<\/p>\n<p style=\"color: #222222; text-align: justify;\">Tim G\u00e1bor:\u00a0<em>&#8222;A vanyarci m\u00e1sodik hely ut\u00e1n, csal\u00f3dottak is lehetn\u00e9nk az \u00f6t\u00f6dik hellyel, de nem vagyunk azok. A kocsin semmilyen fejleszt\u00e9s nem t\u00f6rt\u00e9nt, igaz, v\u00e9gre kapott egy sz\u00e9p fekete f\u00e9nyez\u00e9st, de minden maradt a r\u00e9giben. Ez egy k\u00f6zel utcai aut\u00f3, f\u00e9keink amik komolyabbak m\u00e1r, \u00e9s van egy r\u00f6videbb v\u00e9g\u00e1tt\u00e9tel\u00fcnk, m\u0171anyag a motorh\u00e1ztet\u0151nk, de semmi extra. Tal\u00e1n a j\u00f6v\u0151ben tudunk szerezni egy j\u00f3val er\u0151sebb motort, \u00e9s a fut\u00f3m\u0171vel is tudunk foglalkozni, akkor m\u00e1r \u00e1lmodozhatunk ak\u00e1r gy\u0151zelemr\u0151l is, de m\u00e9g nincs itt az ideje. De \u00e9lvezz\u00fck, \u00e9s nyomjuk tov\u00e1bb, amikor csak lehet\u0151s\u00e9g\u00fcnk van r\u00e1!&#8221;<\/em><\/p>\n<p style=\"color: #222222; text-align: justify;\">Tim G\u00e1bor most folytatja a gyorsas\u00e1gi szak\u00e1gban a szerepl\u00e9st, hisz jelenleg vezeti az RCM Cup bajnoks\u00e1got, \u00e9s hamarosan k\u00f6vetkezik Slovakiaring.<\/p>\n<p style=\"color: #222222; text-align: justify;\">Vide\u00f3 \u00f6sszefoglal\u00f3 a Bakonya Rally-r\u00f3l:<\/p>\n<p style=\"color: #222222; text-align: center;\"><iframe loading=\"lazy\" src=\"\/\/www.youtube.com\/embed\/3GD4n9THAAI\" width=\"425\" height=\"350\"><\/iframe><\/p>\n","protected":false},"excerpt":{"rendered":"<p>Tim G\u00e1bor \u00e9s Tim\u00e1r Tam\u00e1s kett\u0151s id\u00e9n m\u00e1r a harmadik MARB futamon \u00e1llt rajthoz. A&#8230;<\/p>\n","protected":false},"author":1,"featured_media":32013,"comment_status":"open","ping_status":"open","sticky":false,"template":"","format":"standard","meta":{"footnotes":""},"categories":[7],"tags":[1060,304,151,788,46,1107,676,1108,451],"class_list":["post-32012","post","type-post","status-publish","format-standard","has-post-thumbnail","hentry","category-online","tag-1060","tag-autoverseny","tag-bajnoksag","tag-hungaroring","tag-racing","tag-rcm-kupa","tag-suzuki","tag-szezon","tag-tim-gabor"],"featured_image_urls":{"full":["https:\/\/www.hsw.hu\/wp-content\/uploads\/2014\/07\/P7207192.jpg",1280,720,false],"thumbnail":["https:\/\/www.hsw.hu\/wp-content\/uploads\/2014\/07\/P7207192-100x70.jpg",100,70,true],"medium":["https:\/\/www.hsw.hu\/wp-content\/uploads\/2014\/07\/P7207192-300x168.jpg",300,168,true],"medium_large":["https:\/\/www.hsw.hu\/wp-content\/uploads\/2014\/07\/P7207192.jpg",640,360,false],"large":["https:\/\/www.hsw.hu\/wp-content\/uploads\/2014\/07\/P7207192-1024x576.jpg",640,360,true],"1536x1536":["https:\/\/www.hsw.hu\/wp-content\/uploads\/2014\/07\/P7207192.jpg",1280,720,false],"2048x2048":["https:\/\/www.hsw.hu\/wp-content\/uploads\/2014\/07\/P7207192.jpg",1280,720,false],"covernews-featured":["https:\/\/www.hsw.hu\/wp-content\/uploads\/2014\/07\/P7207192.jpg",1024,576,false],"covernews-medium":["https:\/\/www.hsw.hu\/wp-content\/uploads\/2014\/07\/P7207192.jpg",540,304,false]},"author_info":{"display_name":"Toya","author_link":"https:\/\/www.hsw.hu\/?author=1"},"category_info":"<a href=\"https:\/\/www.hsw.hu\/?cat=7\" rel=\"category\">Sport<\/a>","tag_info":"Sport","comment_count":"0","_links":{"self":[{"href":"https:\/\/www.hsw.hu\/index.php?rest_route=\/wp\/v2\/posts\/32012","targetHints":{"allow":["GET"]}}],"collection":[{"href":"https:\/\/www.hsw.hu\/index.php?rest_route=\/wp\/v2\/posts"}],"about":[{"href":"https:\/\/www.hsw.hu\/index.php?rest_route=\/wp\/v2\/types\/post"}],"author":[{"embeddable":true,"href":"https:\/\/www.hsw.hu\/index.php?rest_route=\/wp\/v2\/users\/1"}],"replies":[{"embeddable":true,"href":"https:\/\/www.hsw.hu\/index.php?rest_route=%2Fwp%2Fv2%2Fcomments&post=32012"}],"version-history":[{"count":1,"href":"https:\/\/www.hsw.hu\/index.php?rest_route=\/wp\/v2\/posts\/32012\/revisions"}],"predecessor-version":[{"id":32014,"href":"https:\/\/www.hsw.hu\/index.php?rest_route=\/wp\/v2\/posts\/32012\/revisions\/32014"}],"wp:featuredmedia":[{"embeddable":true,"href":"https:\/\/www.hsw.hu\/index.php?rest_route=\/wp\/v2\/media\/32013"}],"wp:attachment":[{"href":"https:\/\/www.hsw.hu\/index.php?rest_route=%2Fwp%2Fv2%2Fmedia&parent=32012"}],"wp:term":[{"taxonomy":"category","embeddable":true,"href":"https:\/\/www.hsw.hu\/index.php?rest_route=%2Fwp%2Fv2%2Fcategories&post=32012"},{"taxonomy":"post_tag","embeddable":true,"href":"https:\/\/www.hsw.hu\/index.php?rest_route=%2Fwp%2Fv2%2Ftags&post=32012"}],"curies":[{"name":"wp","href":"https:\/\/api.w.org\/{rel}","templated":true}]}}