{"id":3334,"date":"2011-10-22T21:52:54","date_gmt":"2011-10-22T21:52:54","guid":{"rendered":"http:\/\/www.hsw.hu\/?p=3334"},"modified":"2011-10-22T21:52:54","modified_gmt":"2011-10-22T21:52:54","slug":"13-rajthely-suzukaban","status":"publish","type":"post","link":"https:\/\/www.hsw.hu\/?p=3334","title":{"rendered":"13.rajthely Suzuk\u00e1ban"},"content":{"rendered":"<p style=\"text-align: justify;\"><a class=\"highslide\" onclick=\"return vz.expand(this)\" href=\"http:\/\/www.hsw.hu\/wp-content\/uploads\/2011\/10\/michelisz34.jpg\" data-rel=\"lightbox-image-0\" data-imagelightbox=\"0\" data-rl_title=\"\" data-rl_caption=\"\"><img loading=\"lazy\" decoding=\"async\" class=\"alignleft size-thumbnail wp-image-3335\" style=\"margin-left: 3px; margin-right: 3px;\" title=\"\" src=\"\/\/www.hsw.hu\/wp-content\/uploads\/2011\/10\/michelisz34-100x70.jpg\" alt=\"\" width=\"100\" height=\"70\" \/><\/a>Ez\u00fattal nem siker\u00fclt a Q2-be ker\u00fcl\u00e9s Michelisz Norbert sz\u00e1m\u00e1ra, aki aut\u00f3j\u00e1nak balansz\u00e1val k\u00fcszk\u00f6d\u00f6tt a suzukai id\u0151m\u00e9r\u0151 edz\u00e9sen. Michelisz nehezen vezethet\u0151nek \u00e9rezte aut\u00f3j\u00e1t, azonban nem tartotta alapvet\u0151en rossznak a be\u00e1ll\u00edt\u00e1sokat. Holnap neh\u00e9z lesz el\u0151rel\u00e9pni.<\/p>\n<p style=\"text-align: justify;\">A legnagyobb fenyeget\u00e9s, az es\u0151 ugyan elker\u00fclte Suzuka t\u00e9rs\u00e9g\u00e9t, Michelisz Norbert m\u00e9gis neh\u00e9z id\u0151m\u00e9r\u0151t tudhat maga m\u00f6g\u00f6tt, amelyen ez\u00fattal csak a 13. helyet siker\u00fclt megszereznie, \u00edgy mindk\u00e9t holnapi futamot a k\u00f6z\u00e9pmez\u0151nyb\u0151l kell megkezdenie. Ez id\u00e9n mind\u00f6ssze a m\u00e1sodik alkalom, hogy Michelisz kiszorult az id\u0151m\u00e9r\u0151n a legjobb t\u00edzb\u0151l, ez\u00fattal aut\u00f3j\u00e1nak egyens\u00faly\u00e1val gy\u0171lt meg a baja.<\/p>\n<p style=\"text-align: justify;\">\u201e\u00daj gumin a balansz nagyon nem stimmelt ma. Egy-k\u00e9t kanyarban nagyon szenvedtem az aut\u00f3val, r\u00e1ad\u00e1sul azokban a kanyarokban, amelyekben eddig pont az alulkorm\u00e1nyzotts\u00e1g volt a probl\u00e9ma\u201d \u2013 mondta Michelisz Norbert r\u00f6gt\u00f6n az id\u0151m\u00e9r\u0151 ut\u00e1n.<\/p>\n<p style=\"text-align: justify;\">A Zeng\u0151 Dension Team versenyz\u0151je sz\u00e1m\u00e1ra az eg\u00e9sz eddigi h\u00e9tv\u00e9ge nehezen alakult. P\u00e9nteken egy megp\u00f6rd\u00fcl\u00e9s, szombaton reggel es\u0151 \u00e9s az edz\u00e9sek folyamatos megszak\u00edt\u00e1sa jelentett probl\u00e9m\u00e1t, \u00edgy a szerel\u0151csapat k\u00e9s\u0151 \u00e9jjelig tart\u00f3 munk\u00e1ja ellen\u00e9re sem siker\u00fclt egyel\u0151re megtal\u00e1lni a BMW 320 TC ide\u00e1lis be\u00e1ll\u00edt\u00e1sait a h\u00e9tv\u00e9g\u00e9re.<\/p>\n<p style=\"text-align: justify;\">\u201eMost meg kell n\u00e9zn\u00fcnk a telemetri\u00e1t, mert nagyon neh\u00e9z volt vezetni az aut\u00f3t. Nem mondom, hogy rosszul viselkedett, de nagyon szokatlan volt \u00e9s ennek is k\u00f6sz\u00f6nhet\u0151, hogy nem jutottam tov\u00e1bb a Q2-be\u201d \u2013 magyar\u00e1zta a magyar versenyz\u0151.<\/p>\n<p style=\"text-align: justify;\">A mind\u00f6ssze 2,2 kilom\u00e9teres suzukai p\u00e1ly\u00e1n az \u00e1tlagosn\u00e1l is nehezebb el\u0151zni, r\u00e1ad\u00e1sul a futamon torl\u00f3d\u00e1sok \u00e9s t\u00f6bb Safety Car f\u00e1zis is v\u00e1rhat\u00f3, \u00edgy a holnapi futamok neh\u00e9z feladat el\u00e9 \u00e1ll\u00edtj\u00e1k a magyar csapatot.<\/p>\n<p style=\"text-align: justify;\">\u201eEzen a p\u00e1ly\u00e1n iszonyatosan neh\u00e9z el\u0151zni, ez\u00e9rt holnap biztosan kem\u00e9ny futamunk lesz\u201d \u2013 jelentette ki Norbi.<\/p>\n<p style=\"text-align: justify;\">A vas\u00e1rnapi futamokat az Eurosport 6:45-t\u0151l \u00e9l\u0151ben k\u00f6zvet\u00edti.<\/p>\n<p style=\"text-align: justify;\">Forr\u00e1s: <a href=\"http:\/\/www.michelisz.net\/\" target=\"_blank\">Michelisz.net<\/a><\/p>\n","protected":false},"excerpt":{"rendered":"<p>Ez\u00fattal nem siker\u00fclt a Q2-be ker\u00fcl\u00e9s Michelisz Norbert sz\u00e1m\u00e1ra, aki aut\u00f3j\u00e1nak balansz\u00e1val k\u00fcszk\u00f6d\u00f6tt a suzukai&#8230;<\/p>\n","protected":false},"author":1,"featured_media":3335,"comment_status":"open","ping_status":"open","sticky":false,"template":"","format":"standard","meta":{"footnotes":""},"categories":[7],"tags":[96,180,95,119,75,181,78],"class_list":["post-3334","post","type-post","status-publish","format-standard","has-post-thumbnail","hentry","category-online","tag-bmw","tag-dension","tag-michelisz","tag-sport-2","tag-wtcc-2011","tag-zengo","tag-zengo-dension"],"featured_image_urls":{"full":["https:\/\/www.hsw.hu\/wp-content\/uploads\/2011\/10\/michelisz34.jpg",800,533,false],"thumbnail":["https:\/\/www.hsw.hu\/wp-content\/uploads\/2011\/10\/michelisz34-100x70.jpg",100,70,true],"medium":["https:\/\/www.hsw.hu\/wp-content\/uploads\/2011\/10\/michelisz34-300x199.jpg",300,199,true],"medium_large":["https:\/\/www.hsw.hu\/wp-content\/uploads\/2011\/10\/michelisz34.jpg",640,426,false],"large":["https:\/\/www.hsw.hu\/wp-content\/uploads\/2011\/10\/michelisz34.jpg",640,426,false],"1536x1536":["https:\/\/www.hsw.hu\/wp-content\/uploads\/2011\/10\/michelisz34.jpg",800,533,false],"2048x2048":["https:\/\/www.hsw.hu\/wp-content\/uploads\/2011\/10\/michelisz34.jpg",800,533,false],"covernews-featured":["https:\/\/www.hsw.hu\/wp-content\/uploads\/2011\/10\/michelisz34.jpg",800,533,false],"covernews-medium":["https:\/\/www.hsw.hu\/wp-content\/uploads\/2011\/10\/michelisz34.jpg",510,340,false]},"author_info":{"display_name":"Toya","author_link":"https:\/\/www.hsw.hu\/?author=1"},"category_info":"<a href=\"https:\/\/www.hsw.hu\/?cat=7\" rel=\"category\">Sport<\/a>","tag_info":"Sport","comment_count":"0","_links":{"self":[{"href":"https:\/\/www.hsw.hu\/index.php?rest_route=\/wp\/v2\/posts\/3334","targetHints":{"allow":["GET"]}}],"collection":[{"href":"https:\/\/www.hsw.hu\/index.php?rest_route=\/wp\/v2\/posts"}],"about":[{"href":"https:\/\/www.hsw.hu\/index.php?rest_route=\/wp\/v2\/types\/post"}],"author":[{"embeddable":true,"href":"https:\/\/www.hsw.hu\/index.php?rest_route=\/wp\/v2\/users\/1"}],"replies":[{"embeddable":true,"href":"https:\/\/www.hsw.hu\/index.php?rest_route=%2Fwp%2Fv2%2Fcomments&post=3334"}],"version-history":[{"count":1,"href":"https:\/\/www.hsw.hu\/index.php?rest_route=\/wp\/v2\/posts\/3334\/revisions"}],"predecessor-version":[{"id":3336,"href":"https:\/\/www.hsw.hu\/index.php?rest_route=\/wp\/v2\/posts\/3334\/revisions\/3336"}],"wp:featuredmedia":[{"embeddable":true,"href":"https:\/\/www.hsw.hu\/index.php?rest_route=\/wp\/v2\/media\/3335"}],"wp:attachment":[{"href":"https:\/\/www.hsw.hu\/index.php?rest_route=%2Fwp%2Fv2%2Fmedia&parent=3334"}],"wp:term":[{"taxonomy":"category","embeddable":true,"href":"https:\/\/www.hsw.hu\/index.php?rest_route=%2Fwp%2Fv2%2Fcategories&post=3334"},{"taxonomy":"post_tag","embeddable":true,"href":"https:\/\/www.hsw.hu\/index.php?rest_route=%2Fwp%2Fv2%2Ftags&post=3334"}],"curies":[{"name":"wp","href":"https:\/\/api.w.org\/{rel}","templated":true}]}}