{"id":3338,"date":"2011-10-23T12:48:36","date_gmt":"2011-10-23T12:48:36","guid":{"rendered":"http:\/\/www.hsw.hu\/?p=3338"},"modified":"2011-10-23T12:50:08","modified_gmt":"2011-10-23T12:50:08","slug":"pontszerzes-az-unalmas-suzukai-versenyen","status":"publish","type":"post","link":"https:\/\/www.hsw.hu\/?p=3338","title":{"rendered":"Pontszerz\u00e9s az unalmas suzukai versenyen"},"content":{"rendered":"<p style=\"text-align: justify;\"><a class=\"highslide\" onclick=\"return vz.expand(this)\" href=\"http:\/\/www.hsw.hu\/wp-content\/uploads\/2011\/10\/michelisz94.jpg\" data-rel=\"lightbox-image-0\" data-imagelightbox=\"0\" data-rl_title=\"\" data-rl_caption=\"\"><img loading=\"lazy\" decoding=\"async\" class=\"alignleft size-thumbnail wp-image-3339\" style=\"margin-left: 3px; margin-right: 3px;\" title=\"\" src=\"\/\/www.hsw.hu\/wp-content\/uploads\/2011\/10\/michelisz94-100x70.jpg\" alt=\"\" width=\"100\" height=\"70\" \/><\/a>A suzukai versenyh\u00e9tv\u00e9ge nem fog bevonulni a legizgalmasabb WTCC versenyek sor\u00e1ba. Akik \u00e9l\u0151ben l\u00e1tt\u00e1k az Eurosport k\u00f6zvet\u00edt\u00e9s\u00e9t l\u00e1thatt\u00e1k, hogy l\u00e9nyeg\u00e9ben a p\u00e1lya adotts\u00e1gainak k\u00f6sz\u00f6nhet\u0151en egyhang\u00fa \u00e9s monoton vonatoz\u00e1s volt a futam.<br \/>\nAz els\u0151 versenyen egy rajtbaleset borzolta a ked\u00e9lyeket, amelyben t\u00f6bben is kiestek azonban Norbi ezt szerencs\u00e9sen meg\u00faszta. A futamon hossz\u00fa k\u00f6r\u00f6k\u00f6n \u00e1t tartotta a m\u00f6g\u00f6tte aut\u00f3z\u00f3 Tarquinit, azonban el\u00e9g volt egy apr\u00f3cska hiba \u00e9s az olasz m\u00e1ris elment mellette.\u00a0 Az els\u0151 futamon v\u00e9g\u00fclis Norbit 10.helyen \u00e9rt c\u00e9lba, azonban mivel t\u00fall\u00e9pte a rep\u00fcl\u0151rajtn\u00e1l megengedett sebess\u00e9get, idej\u00e9hez 30 mp-et adtak hozz\u00e1 \u00e9s \u00edgy a 15.helyen v\u00e9gzett.<\/p>\n<p style=\"text-align: justify;\">A m\u00e1sodik futam tal\u00e1n m\u00e9g az els\u0151 versenyn\u00e9l is kevesebb izgalmat tartogatott. L\u00e9nyeg\u00e9ben egyetlen el\u0151z\u00e9s n\u00e9lk\u00fcl rajtn\u00e1l el\u0151rel\u00e9pve a 9.helyen \u00e9rt c\u00e9lba.<\/p>\n<p style=\"text-align: justify;\">Rem\u00e9lj\u00fck t\u00f6bbet nem l\u00e1togat erre a helysz\u00ednre a WTCC versenysorozat, mert minden id\u0151k legunalmasabb h\u00e9tv\u00e9g\u00e9j\u00e9n vagyunk t\u00fal.<\/p>\n","protected":false},"excerpt":{"rendered":"<p>A suzukai versenyh\u00e9tv\u00e9ge nem fog bevonulni a legizgalmasabb WTCC versenyek sor\u00e1ba. Akik \u00e9l\u0151ben l\u00e1tt\u00e1k az&#8230;<\/p>\n","protected":false},"author":1,"featured_media":3339,"comment_status":"open","ping_status":"open","sticky":false,"template":"","format":"standard","meta":{"footnotes":""},"categories":[7],"tags":[96,180,95,75,181],"class_list":["post-3338","post","type-post","status-publish","format-standard","has-post-thumbnail","hentry","category-online","tag-bmw","tag-dension","tag-michelisz","tag-wtcc-2011","tag-zengo"],"featured_image_urls":{"full":["https:\/\/www.hsw.hu\/wp-content\/uploads\/2011\/10\/michelisz94.jpg",800,532,false],"thumbnail":["https:\/\/www.hsw.hu\/wp-content\/uploads\/2011\/10\/michelisz94-100x70.jpg",100,70,true],"medium":["https:\/\/www.hsw.hu\/wp-content\/uploads\/2011\/10\/michelisz94-300x199.jpg",300,199,true],"medium_large":["https:\/\/www.hsw.hu\/wp-content\/uploads\/2011\/10\/michelisz94.jpg",640,426,false],"large":["https:\/\/www.hsw.hu\/wp-content\/uploads\/2011\/10\/michelisz94.jpg",640,426,false],"1536x1536":["https:\/\/www.hsw.hu\/wp-content\/uploads\/2011\/10\/michelisz94.jpg",800,532,false],"2048x2048":["https:\/\/www.hsw.hu\/wp-content\/uploads\/2011\/10\/michelisz94.jpg",800,532,false],"covernews-featured":["https:\/\/www.hsw.hu\/wp-content\/uploads\/2011\/10\/michelisz94.jpg",800,532,false],"covernews-medium":["https:\/\/www.hsw.hu\/wp-content\/uploads\/2011\/10\/michelisz94.jpg",511,340,false]},"author_info":{"display_name":"Toya","author_link":"https:\/\/www.hsw.hu\/?author=1"},"category_info":"<a href=\"https:\/\/www.hsw.hu\/?cat=7\" rel=\"category\">Sport<\/a>","tag_info":"Sport","comment_count":"0","_links":{"self":[{"href":"https:\/\/www.hsw.hu\/index.php?rest_route=\/wp\/v2\/posts\/3338","targetHints":{"allow":["GET"]}}],"collection":[{"href":"https:\/\/www.hsw.hu\/index.php?rest_route=\/wp\/v2\/posts"}],"about":[{"href":"https:\/\/www.hsw.hu\/index.php?rest_route=\/wp\/v2\/types\/post"}],"author":[{"embeddable":true,"href":"https:\/\/www.hsw.hu\/index.php?rest_route=\/wp\/v2\/users\/1"}],"replies":[{"embeddable":true,"href":"https:\/\/www.hsw.hu\/index.php?rest_route=%2Fwp%2Fv2%2Fcomments&post=3338"}],"version-history":[{"count":4,"href":"https:\/\/www.hsw.hu\/index.php?rest_route=\/wp\/v2\/posts\/3338\/revisions"}],"predecessor-version":[{"id":3342,"href":"https:\/\/www.hsw.hu\/index.php?rest_route=\/wp\/v2\/posts\/3338\/revisions\/3342"}],"wp:featuredmedia":[{"embeddable":true,"href":"https:\/\/www.hsw.hu\/index.php?rest_route=\/wp\/v2\/media\/3339"}],"wp:attachment":[{"href":"https:\/\/www.hsw.hu\/index.php?rest_route=%2Fwp%2Fv2%2Fmedia&parent=3338"}],"wp:term":[{"taxonomy":"category","embeddable":true,"href":"https:\/\/www.hsw.hu\/index.php?rest_route=%2Fwp%2Fv2%2Fcategories&post=3338"},{"taxonomy":"post_tag","embeddable":true,"href":"https:\/\/www.hsw.hu\/index.php?rest_route=%2Fwp%2Fv2%2Ftags&post=3338"}],"curies":[{"name":"wp","href":"https:\/\/api.w.org\/{rel}","templated":true}]}}