{"id":35345,"date":"2014-11-12T23:26:51","date_gmt":"2014-11-12T22:26:51","guid":{"rendered":"http:\/\/www.hsw.hu\/?p=35345"},"modified":"2014-11-12T23:26:51","modified_gmt":"2014-11-12T22:26:51","slug":"honda-civic-challenge-1-fordulo","status":"publish","type":"post","link":"https:\/\/www.hsw.hu\/?p=35345","title":{"rendered":"Honda Civic Challenge 1. fordul\u00f3"},"content":{"rendered":"<p style=\"text-align: justify;\"><a href=\"http:\/\/www.hsw.hu\/wp-content\/uploads\/2014\/11\/0.jpg\" data-rel=\"lightbox-image-0\" data-imagelightbox=\"0\" data-rl_title=\"\" data-rl_caption=\"\" title=\"\"><img loading=\"lazy\" decoding=\"async\" class=\"alignleft size-thumbnail wp-image-35346\" src=\"\/\/www.hsw.hu\/wp-content\/uploads\/2014\/11\/0-100x70.jpg\" alt=\"0\" width=\"100\" height=\"70\" \/><\/a>Lezajlott a Simracingpro.com \u00e1ltal megh\u00edrdetett Honda Civic Challenge els\u00f5 versenyh\u00e9tv\u00e9g\u00e9je, a helysz\u00edn Lime Rock Park volt. Sajnos nem minden \u00fagy zajlott le ahogy azt mi eltervezt\u00fck. M\u00e9g az id\u00f5m\u00e9r\u00f5 el\u00f5tt Moln\u00e1r D\u00e1nielnek akadtak technikai probl\u00e9m\u00e1i (k\u00e9s\u00f5bb kider\u00fclt, hogy a servernek voltak gondjai) amit a versenyek el\u00f5tt nem siker\u00fclt megoldani, ez\u00e9rt Dani nem is tudott elrajtolni a futamokon.<\/p>\n<p style=\"text-align: justify;\">VSR szempontb\u00f3l Leitner Norbertnek siker\u00fclt a legjobban kvalifik\u00e1lnia mag\u00e1t a 6. helyre. Ut\u00e1na B\u00e1ldi Gerg\u00f5 a 8. helyr\u00f5l kezdhette meg az els\u00f5 futamot, m\u00edg Toldi Bal\u00e1zs a 20. helyen v\u00e9gzett. Miut\u00e1n a server gondok megold\u00f3dtak, kezd\u00f5dtek a versenyek.<\/p>\n<p style=\"text-align: justify;\">Norbi a p\u00e1lya poros \u00edvj\u00e9r\u00f5l j\u00f3l kapta el a rajtot, csak \u00fagy mint Gerg\u00f5. Norbi el\u00f5tt \u00f6sszez\u00e1rtak az el\u00f5tte l\u00e9v\u00f5k, de a k\u00f6r v\u00e9g\u00e9re m\u00e1r a 4. helyen volt. B\u00e1ldi sem unatkozott, \u00f5 is jav\u00edtott egy helyet. Toldi Bal\u00e1zs a 20 helyr\u00f5l a 11. helyig j\u00f6tt fel. 9. k\u00f6rben B\u00e1ldinak stop and go b\u00fcntet\u00e9se let\u00f6lt\u00e9se k\u00f6zben lefulladt az aut\u00f3ja \u00e9s nem tudta \u00fajraind\u00edtani, \u00edgy kiesett. Ezt k\u00f6vet\u00f5en a 10. k\u00f6rben Bal\u00e1zs el\u00e9 bep\u00f6rd\u00fclt egy aut\u00f3 \u00e9s nem tudta kiker\u00fclni, a m\u00f6g\u00f6tte j\u00f6v\u00f5k pedig belerohantak Bal\u00e1zsba. Ennek az eredm\u00e9nyek\u00e9nt fel kellett adnia a versenyt. Norbi ek\u00f6zben az els\u00f5ket kezdte el \u00fcld\u00f6zni, \u00e1m a verseny fel\u00e9n\u00e9l az els\u00f5 kanyarba hib\u00e1t k\u00f6vetett el, ez\u00e9rt lemaradt a vezet\u00f5 du\u00f3r\u00f3l. 5. helyig esett vissza, de az els\u00f5 verseny v\u00e9g\u00e9re a 2. helyig vissza tudott kapaszkodni.<\/p>\n<p style=\"text-align: justify;\">2. versenyre az 1. verseny els\u00f5 9 helyezettje fordult. Norbi a 7. helyr\u00f5l indult, Gerg\u00f5 a 14. Bal\u00e1zs a 23. helyr\u00f5l. Bal\u00e1zs sajnos beleker\u00fclt egy rajtbalesetbe \u00e9s ki\u00e1llni k\u00e9nyszer\u00fclt az aut\u00f3ja s\u00e9r\u00fcl\u00e9sei miatt. Gerg\u00f5 nagyszer\u00fben rajtolt \u00e9s a 2. k\u00f6r v\u00e9g\u00e9re m\u00e1r a 7. helyen tal\u00e1lta mag\u00e1t, Norbi az 5. helyig j\u00f6tt fel. Kem\u00e9ny csat\u00e1k zajlottak a p\u00e1ly\u00e1n, v\u00e9g\u00fcl Norbinak siker\u00fclt a 2. helyet megszerezni, m\u00edg Gerg\u00f5 10 helyet jav\u00edtva 4. helyen \u00e9rt c\u00e9lba.<\/p>\n<p style=\"text-align: justify;\">Legk\u00f6zelebb 2 h\u00e9t m\u00falva a BTCC versenynapt\u00e1r\u00e1ban is megtal\u00e1lhat\u00f3 Croft lesz a helysz\u00edn.<\/p>\n<p style=\"text-align: center;\"><a href=\"http:\/\/www.hsw.hu\/wp-content\/uploads\/2014\/11\/0-1.jpg\" data-rel=\"lightbox-image-1\" data-imagelightbox=\"1\" data-rl_title=\"\" data-rl_caption=\"\" title=\"\"><img loading=\"lazy\" decoding=\"async\" class=\"alignnone size-thumbnail wp-image-35347\" src=\"\/\/www.hsw.hu\/wp-content\/uploads\/2014\/11\/0-1-100x70.jpg\" alt=\"0 (1)\" width=\"100\" height=\"70\" \/><\/a><a href=\"http:\/\/www.hsw.hu\/wp-content\/uploads\/2014\/11\/0-2.jpg\" data-rel=\"lightbox-image-2\" data-imagelightbox=\"2\" data-rl_title=\"\" data-rl_caption=\"\" title=\"\"><img loading=\"lazy\" decoding=\"async\" class=\"alignnone size-thumbnail wp-image-35348\" src=\"\/\/www.hsw.hu\/wp-content\/uploads\/2014\/11\/0-2-100x70.jpg\" alt=\"0 (2)\" width=\"100\" height=\"70\" \/><\/a><a href=\"http:\/\/www.hsw.hu\/wp-content\/uploads\/2014\/11\/0-3.jpg\" data-rel=\"lightbox-image-3\" data-imagelightbox=\"3\" data-rl_title=\"\" data-rl_caption=\"\" title=\"\"><img loading=\"lazy\" decoding=\"async\" class=\"alignnone size-thumbnail wp-image-35349\" src=\"\/\/www.hsw.hu\/wp-content\/uploads\/2014\/11\/0-3-100x70.jpg\" alt=\"0 (3)\" width=\"100\" height=\"70\" \/><\/a><a href=\"http:\/\/www.hsw.hu\/wp-content\/uploads\/2014\/11\/0-4.jpg\" data-rel=\"lightbox-image-4\" data-imagelightbox=\"4\" data-rl_title=\"\" data-rl_caption=\"\" title=\"\"><img loading=\"lazy\" decoding=\"async\" class=\"alignnone size-thumbnail wp-image-35350\" src=\"\/\/www.hsw.hu\/wp-content\/uploads\/2014\/11\/0-4-100x70.jpg\" alt=\"0 (4)\" width=\"100\" height=\"70\" \/><\/a><\/p>\n","protected":false},"excerpt":{"rendered":"<p>Lezajlott a Simracingpro.com \u00e1ltal megh\u00edrdetett Honda Civic Challenge els\u00f5 versenyh\u00e9tv\u00e9g\u00e9je, a helysz\u00edn Lime Rock Park&#8230;<\/p>\n","protected":false},"author":1,"featured_media":35346,"comment_status":"open","ping_status":"open","sticky":false,"template":"","format":"standard","meta":{"footnotes":""},"categories":[6],"tags":[],"class_list":["post-35345","post","type-post","status-publish","format-standard","has-post-thumbnail","hentry","category-sport"],"featured_image_urls":{"full":["https:\/\/www.hsw.hu\/wp-content\/uploads\/2014\/11\/0.jpg",1088,612,false],"thumbnail":["https:\/\/www.hsw.hu\/wp-content\/uploads\/2014\/11\/0-100x70.jpg",100,70,true],"medium":["https:\/\/www.hsw.hu\/wp-content\/uploads\/2014\/11\/0-300x168.jpg",300,168,true],"medium_large":["https:\/\/www.hsw.hu\/wp-content\/uploads\/2014\/11\/0.jpg",640,360,false],"large":["https:\/\/www.hsw.hu\/wp-content\/uploads\/2014\/11\/0-1024x576.jpg",640,360,true],"1536x1536":["https:\/\/www.hsw.hu\/wp-content\/uploads\/2014\/11\/0.jpg",1088,612,false],"2048x2048":["https:\/\/www.hsw.hu\/wp-content\/uploads\/2014\/11\/0.jpg",1088,612,false],"covernews-featured":["https:\/\/www.hsw.hu\/wp-content\/uploads\/2014\/11\/0.jpg",1024,576,false],"covernews-medium":["https:\/\/www.hsw.hu\/wp-content\/uploads\/2014\/11\/0.jpg",540,304,false]},"author_info":{"display_name":"Toya","author_link":"https:\/\/www.hsw.hu\/?author=1"},"category_info":"<a href=\"https:\/\/www.hsw.hu\/?cat=6\" rel=\"category\">Online<\/a>","tag_info":"Online","comment_count":"0","_links":{"self":[{"href":"https:\/\/www.hsw.hu\/index.php?rest_route=\/wp\/v2\/posts\/35345","targetHints":{"allow":["GET"]}}],"collection":[{"href":"https:\/\/www.hsw.hu\/index.php?rest_route=\/wp\/v2\/posts"}],"about":[{"href":"https:\/\/www.hsw.hu\/index.php?rest_route=\/wp\/v2\/types\/post"}],"author":[{"embeddable":true,"href":"https:\/\/www.hsw.hu\/index.php?rest_route=\/wp\/v2\/users\/1"}],"replies":[{"embeddable":true,"href":"https:\/\/www.hsw.hu\/index.php?rest_route=%2Fwp%2Fv2%2Fcomments&post=35345"}],"version-history":[{"count":1,"href":"https:\/\/www.hsw.hu\/index.php?rest_route=\/wp\/v2\/posts\/35345\/revisions"}],"predecessor-version":[{"id":35351,"href":"https:\/\/www.hsw.hu\/index.php?rest_route=\/wp\/v2\/posts\/35345\/revisions\/35351"}],"wp:featuredmedia":[{"embeddable":true,"href":"https:\/\/www.hsw.hu\/index.php?rest_route=\/wp\/v2\/media\/35346"}],"wp:attachment":[{"href":"https:\/\/www.hsw.hu\/index.php?rest_route=%2Fwp%2Fv2%2Fmedia&parent=35345"}],"wp:term":[{"taxonomy":"category","embeddable":true,"href":"https:\/\/www.hsw.hu\/index.php?rest_route=%2Fwp%2Fv2%2Fcategories&post=35345"},{"taxonomy":"post_tag","embeddable":true,"href":"https:\/\/www.hsw.hu\/index.php?rest_route=%2Fwp%2Fv2%2Ftags&post=35345"}],"curies":[{"name":"wp","href":"https:\/\/api.w.org\/{rel}","templated":true}]}}