{"id":35372,"date":"2014-11-13T23:18:35","date_gmt":"2014-11-13T22:18:35","guid":{"rendered":"http:\/\/www.hsw.hu\/?p=35372"},"modified":"2014-11-13T23:18:35","modified_gmt":"2014-11-13T22:18:35","slug":"f1-2014-orange-honda-mclaren-v1-0","status":"publish","type":"post","link":"https:\/\/www.hsw.hu\/?p=35372","title":{"rendered":"F1 2014 Orange Honda McLaren v1.0"},"content":{"rendered":"<p style=\"text-align: justify;\"><a href=\"http:\/\/www.hsw.hu\/wp-content\/uploads\/2014\/11\/Honda-Mclaren3.png\" data-rel=\"lightbox-image-0\" data-imagelightbox=\"0\" data-rl_title=\"\" data-rl_caption=\"\" title=\"\"><img loading=\"lazy\" decoding=\"async\" class=\"alignleft size-thumbnail wp-image-35373\" src=\"\/\/www.hsw.hu\/wp-content\/uploads\/2014\/11\/Honda-Mclaren3-100x70.png\" alt=\"Honda Mclaren3\" width=\"100\" height=\"70\" \/><\/a>Mint tudj\u00e1tok j\u00f6v\u0151re a McLaren csapata Honda motorokkal v\u00e1g neki a szezonnak. Az \u00faj kapcsolat sok j\u00e1t\u00e9kos \u00e9rdekl\u0151d\u00e9s\u00e9t felkeltette \u00e9s \u00fagy t\u0171nik nagyon \u00f6r\u00fcln\u00e9nek a rajong\u00f3k a trad\u00edcion\u00e1lis naracssz\u00edn\u0171 fest\u00e9snek.<br \/>\nMost bonnejv 2015-\u00f6s McLaren-Honda g\u00e9p\u00e9t aj\u00e1nlom a figyelmetekbe, ami needforspeedgamer kicsit \u00e1talak\u00edtott aut\u00f3ja.<\/p>\n<p style=\"text-align: center;\"><a href=\"http:\/\/www.linkbucks.com\/Agfkb\" target=\"_blank\">Let\u00f6lt\u00e9s (ShareMods)<\/a><br \/>\n<a href=\"http:\/\/www.linkbucks.com\/AgflB\" target=\"_blank\">Let\u00f6lt\u00e9s (UploadFiles)<\/a><\/p>\n","protected":false},"excerpt":{"rendered":"<p>Mint tudj\u00e1tok j\u00f6v\u0151re a McLaren csapata Honda motorokkal v\u00e1g neki a szezonnak. Az \u00faj kapcsolat&#8230;<\/p>\n","protected":false},"author":1,"featured_media":35373,"comment_status":"open","ping_status":"open","sticky":false,"template":"","format":"standard","meta":{"footnotes":""},"categories":[1173,1174,11],"tags":[187,516,304,42,16,1140,375,49,1182,1183,1180,152,540,63,15,68,132,50,444,46,296,1181,484,62,295,133,56],"class_list":["post-35372","post","type-post","status-publish","format-standard","has-post-thumbnail","hentry","category-f1-2014-media","category-f1-2014-festesek","category-media","tag-addon","tag-autofestes","tag-autoverseny","tag-codemasters","tag-download","tag-f1-2014","tag-formula-1","tag-game","tag-grafika","tag-graphics","tag-helmet","tag-jatek","tag-kiegeszites","tag-kormany","tag-letoltes-2","tag-mod-2","tag-palya","tag-pc","tag-playstation3","tag-racing","tag-simulator","tag-sisak","tag-skin","tag-steering-wheel","tag-szimulator","tag-track","tag-xbox360"],"featured_image_urls":{"full":["https:\/\/www.hsw.hu\/wp-content\/uploads\/2014\/11\/Honda-Mclaren3.png",583,304,false],"thumbnail":["https:\/\/www.hsw.hu\/wp-content\/uploads\/2014\/11\/Honda-Mclaren3-100x70.png",100,70,true],"medium":["https:\/\/www.hsw.hu\/wp-content\/uploads\/2014\/11\/Honda-Mclaren3-300x156.png",300,156,true],"medium_large":["https:\/\/www.hsw.hu\/wp-content\/uploads\/2014\/11\/Honda-Mclaren3.png",583,304,false],"large":["https:\/\/www.hsw.hu\/wp-content\/uploads\/2014\/11\/Honda-Mclaren3.png",583,304,false],"1536x1536":["https:\/\/www.hsw.hu\/wp-content\/uploads\/2014\/11\/Honda-Mclaren3.png",583,304,false],"2048x2048":["https:\/\/www.hsw.hu\/wp-content\/uploads\/2014\/11\/Honda-Mclaren3.png",583,304,false],"covernews-featured":["https:\/\/www.hsw.hu\/wp-content\/uploads\/2014\/11\/Honda-Mclaren3.png",583,304,false],"covernews-medium":["https:\/\/www.hsw.hu\/wp-content\/uploads\/2014\/11\/Honda-Mclaren3.png",540,282,false]},"author_info":{"display_name":"Toya","author_link":"https:\/\/www.hsw.hu\/?author=1"},"category_info":"<a href=\"https:\/\/www.hsw.hu\/?cat=1173\" rel=\"category\">F1 2014<\/a> <a href=\"https:\/\/www.hsw.hu\/?cat=1174\" rel=\"category\">F1 2014 Fest\u00e9sek<\/a> <a href=\"https:\/\/www.hsw.hu\/?cat=11\" rel=\"category\">Let\u00f6lt\u00e9sek<\/a>","tag_info":"Let\u00f6lt\u00e9sek","comment_count":"0","_links":{"self":[{"href":"https:\/\/www.hsw.hu\/index.php?rest_route=\/wp\/v2\/posts\/35372","targetHints":{"allow":["GET"]}}],"collection":[{"href":"https:\/\/www.hsw.hu\/index.php?rest_route=\/wp\/v2\/posts"}],"about":[{"href":"https:\/\/www.hsw.hu\/index.php?rest_route=\/wp\/v2\/types\/post"}],"author":[{"embeddable":true,"href":"https:\/\/www.hsw.hu\/index.php?rest_route=\/wp\/v2\/users\/1"}],"replies":[{"embeddable":true,"href":"https:\/\/www.hsw.hu\/index.php?rest_route=%2Fwp%2Fv2%2Fcomments&post=35372"}],"version-history":[{"count":1,"href":"https:\/\/www.hsw.hu\/index.php?rest_route=\/wp\/v2\/posts\/35372\/revisions"}],"predecessor-version":[{"id":35374,"href":"https:\/\/www.hsw.hu\/index.php?rest_route=\/wp\/v2\/posts\/35372\/revisions\/35374"}],"wp:featuredmedia":[{"embeddable":true,"href":"https:\/\/www.hsw.hu\/index.php?rest_route=\/wp\/v2\/media\/35373"}],"wp:attachment":[{"href":"https:\/\/www.hsw.hu\/index.php?rest_route=%2Fwp%2Fv2%2Fmedia&parent=35372"}],"wp:term":[{"taxonomy":"category","embeddable":true,"href":"https:\/\/www.hsw.hu\/index.php?rest_route=%2Fwp%2Fv2%2Fcategories&post=35372"},{"taxonomy":"post_tag","embeddable":true,"href":"https:\/\/www.hsw.hu\/index.php?rest_route=%2Fwp%2Fv2%2Ftags&post=35372"}],"curies":[{"name":"wp","href":"https:\/\/api.w.org\/{rel}","templated":true}]}}