{"id":43503,"date":"2015-09-16T18:11:25","date_gmt":"2015-09-16T17:11:25","guid":{"rendered":"http:\/\/www.hsw.hu\/?p=43503"},"modified":"2015-09-16T18:11:25","modified_gmt":"2015-09-16T17:11:25","slug":"merk-jozsef-az-f-1600-magyar-bajnok-forrai-futamgyozelmet-szerzett","status":"publish","type":"post","link":"https:\/\/www.hsw.hu\/?p=43503","title":{"rendered":"Merk J\u00f3zsef az F-1600 Magyar Bajnok! Forrai futamgy\u0151zelmet szerzett!"},"content":{"rendered":"<p style=\"text-align: justify;\"><a href=\"http:\/\/www.hsw.hu\/wp-content\/uploads\/2015\/09\/unnamed-2.jpg\" data-rel=\"lightbox-image-0\" data-imagelightbox=\"0\" data-rl_title=\"\" data-rl_caption=\"\" title=\"\"><img loading=\"lazy\" decoding=\"async\" class=\"alignleft size-thumbnail wp-image-43504\" src=\"\/\/www.hsw.hu\/wp-content\/uploads\/2015\/09\/unnamed-2-100x70.jpg\" alt=\"unnamed (2)\" width=\"100\" height=\"70\" \/><\/a>A Magyar Gyorsas\u00e1gi Orsz\u00e1gos Bajnoks\u00e1g utols\u00f3 h\u00e9tv\u00e9g\u00e9j\u00e9re ker\u00fclt sor szeptember 12-13 k\u00f6z\u00f6tt a Hungaroring-en, ahol minden kateg\u00f3ri\u00e1ban h\u00e1rom futamot rendeztek. K\u00e9t kateg\u00f3ri\u00e1ban volt \u00e9rdekelt az Apex Racing.<\/p>\n<p>A kist\u00fara F-1600-as kateg\u00f3ri\u00e1j\u00e1ban Merk J\u00f3zsef a tabella \u00e9l\u00e9n v\u00e1rta az utols\u00f3 fordul\u00f3t, megnyugtat\u00f3 20 pontos el\u0151nnyel. A Swift Cup Europe bajnoks\u00e1g fordul\u00f3j\u00e1t is itt rendezt\u00e9k, kifejezetten a Magyar Bajnoks\u00e1g \u00e9rt\u00e9kel\u00e9s\u00e9be tartoz\u00f3 pil\u00f3t\u00e1k indultak, \u00edgy most messze elmaradt a l\u00e9tsz\u00e1m a megszokott 25-26-os mez\u0151nyt\u0151l. A suzukis sorozatban Forrai G\u00e1bor indult az Apex Racing-n\u00e9l.gy\u0151zelem cs\u00faszott ki a kezei k\u00f6z\u00fcl.<\/p>\n<p style=\"text-align: justify;\">A kist\u00far\u00e1sokra h\u00e1rom id\u0151m\u00e9r\u00e9s \u00e9s h\u00e1rom verseny v\u00e1rt, Merk sz\u00e1m\u00e1ra egy c\u00e9l volt, az els\u0151 k\u00e9t futamot megnyerni, \u00e9s akkor az utols\u00f3, dupla pontos versenyre m\u00e1r bajnokk\u00e9nt k\u00e9sz\u00fclhet. Az els\u0151 id\u0151m\u00e9r\u00e9sen f\u00e9lig nedves p\u00e1lya fogadta a mez\u0151nyt, a csapat j\u00f3l taktik\u00e1zott, nem pr\u00f3b\u00e1lkozott a slick gumikkal, es\u0151gumin messze a legjobb 1,6-os pil\u00f3tak\u00e9nt z\u00e1rt a bajnoki \u00e9llovas.<\/p>\n<p>Az els\u0151 futamon Merk biztons\u00e1gi aut\u00f3z\u00e1st mutatott be, bevallottan, nagyon tartott egy esetleges kies\u00e9st\u0151l, semmilyen kock\u00e1zatot nem v\u00e1llalt. Azonban m\u00e9g ez is elegend\u0151 volt a kateg\u00f3ria futamgy\u0151zelemhez, ezzel m\u00e1r 22 pontos el\u0151nyre tett szert.<\/p>\n<p>A m\u00e1sodik id\u0151m\u00e9r\u00e9st m\u00e1r sz\u00e1raz p\u00e1ly\u00e1n tartott\u00e1k, itt is Merk volt a legjobb, jelent\u0151sen n\u00f6velte az egyk\u00f6r\u00f6s temp\u00f3j\u00e1t, de riv\u00e1lisai is gyorsultak. Merk J\u00f3zsef a m\u00e1sodik versenyen is taktikusan aut\u00f3zott, majd 10 m\u00e1sodperces el\u0151ny\u00e9t a c\u00e9lig megtartotta.<\/p>\n<p>Gy\u0151ztesk\u00e9nt \u00e9rt c\u00e9lba, \u00e9s ezzel megnyerte a 2015-\u00f6s bajnoki c\u00edmet!<\/p>\n<p>Olyan teher volt Merk-en, hogy a bajnoki c\u00edm bebiztos\u00edt\u00e1sa ut\u00e1n, teljesen m\u00e1s temp\u00f3t aut\u00f3zott, felszabadultan versenyzett.<\/p>\n<p>A harmadik id\u0151m\u00e9r\u00e9sen k\u00e9t m\u00e1sodpercet jav\u00edtott legjobb idej\u00e9n, majd a harmadik futamon majd f\u00e9l perccel nyert, \u00edgy a h\u00e9tv\u00e9ge mindh\u00e1rom futam\u00e1t els\u0151 helyen teljes\u00edtette, \u00e9s a bajnoks\u00e1got 26 pontos el\u0151nnyel nyerte!<\/p>\n<p style=\"text-align: justify;\">Forrai G\u00e1bor egy h\u00e9ttel ezel\u0151tt m\u00e1r belek\u00f3stolt a Swift Cup Europe bajnoks\u00e1gba, igaz akkor t\u00f6bb mint k\u00e9tszer ekkora volt a mez\u0151ny a Truck Race h\u00e9tv\u00e9g\u00e9n. Ett\u0151l f\u00fcggetlen\u00fcl nagyon szoros futamokat tartogatott a h\u00e1rom futam.<\/p>\n<p>Az id\u0151m\u00e9r\u00e9sen a harmadik helyet szerezte meg, jelent\u0151sen jav\u00edtva a legjobb k\u00f6ridej\u00e9n, \u00fagy, hogy a p\u00e1lya m\u00e9g nem volt teljesen sz\u00e1raz. Az els\u0151 versenyen m\u00e9g nem tal\u00e1lta meg a t\u00f6k\u00e9letes temp\u00f3t, ugyan a futam v\u00e9g\u00e9n volt es\u00e9lye a dobog\u00f3ra, de v\u00e9g\u00fcl negyedik lett.<\/p>\n<p>A m\u00e1sodik futam hozta el sz\u00e1m\u00e1ra a nagy \u00e1tt\u00f6r\u00e9st, v\u00e9gig j\u00f3 temp\u00f3t aut\u00f3zva a m\u00e1sodik lett, \u00e1m t\u00f6bb pil\u00f3ta id\u0151b\u00fcntet\u00e9st kapott, \u00edgy hivatalosan Forrai G\u00e1bor megszerezte \u00e9lete els\u0151 futamgy\u0151zelm\u00e9t.<\/p>\n<p>A harmadik verseny is eml\u00e9kezetes maradt sz\u00e1m\u00e1ra, a rajtn\u00e1l kiugrott, ez\u00e9rt boxutca \u00e1thajt\u00e1sra b\u00fcntett\u00e9k. A csapat tartotta benne a lelket \u00e9s v\u00e9gig hajszolta a futamon. Minden k\u00f6rben a mez\u0151ny leggyorsabbja volt, \u00e9s h\u00e1tr\u00e1ny\u00e1t jelent\u0151sen ledolgozta, t\u00f6bb mint 20mp-es h\u00e1tr\u00e1nyt 13mp-re faragta le a futamgy\u0151zteshez k\u00e9pest, ami fantasztikus eredm\u00e9ny.<\/p>\n<p>Az Apex Racing sz\u00e1m\u00e1ra m\u00e9g nincs v\u00e9ge a 2015-\u00f6s szezonnak, ezen a h\u00e9ten m\u00e1r az Autodrom Brno a c\u00e9l, ahol TWC (TourenWagen Cup) utols\u00f3 fordul\u00f3j\u00e1t rendezik.<\/p>\n","protected":false},"excerpt":{"rendered":"<p>A Magyar Gyorsas\u00e1gi Orsz\u00e1gos Bajnoks\u00e1g utols\u00f3 h\u00e9tv\u00e9g\u00e9j\u00e9re ker\u00fclt sor szeptember 12-13 k\u00f6z\u00f6tt a Hungaroring-en, ahol&#8230;<\/p>\n","protected":false},"author":1,"featured_media":43504,"comment_status":"closed","ping_status":"open","sticky":false,"template":"","format":"standard","meta":{"footnotes":""},"categories":[1223,7],"tags":[],"class_list":["post-43503","post","type-post","status-publish","format-standard","has-post-thumbnail","hentry","category-hirek","category-online"],"featured_image_urls":{"full":["https:\/\/www.hsw.hu\/wp-content\/uploads\/2015\/09\/unnamed-2.jpg",1120,611,false],"thumbnail":["https:\/\/www.hsw.hu\/wp-content\/uploads\/2015\/09\/unnamed-2-100x70.jpg",100,70,true],"medium":["https:\/\/www.hsw.hu\/wp-content\/uploads\/2015\/09\/unnamed-2-300x164.jpg",300,164,true],"medium_large":["https:\/\/www.hsw.hu\/wp-content\/uploads\/2015\/09\/unnamed-2.jpg",640,349,false],"large":["https:\/\/www.hsw.hu\/wp-content\/uploads\/2015\/09\/unnamed-2-1024x559.jpg",640,349,true],"1536x1536":["https:\/\/www.hsw.hu\/wp-content\/uploads\/2015\/09\/unnamed-2.jpg",1120,611,false],"2048x2048":["https:\/\/www.hsw.hu\/wp-content\/uploads\/2015\/09\/unnamed-2.jpg",1120,611,false],"covernews-featured":["https:\/\/www.hsw.hu\/wp-content\/uploads\/2015\/09\/unnamed-2.jpg",1024,559,false],"covernews-medium":["https:\/\/www.hsw.hu\/wp-content\/uploads\/2015\/09\/unnamed-2.jpg",540,295,false]},"author_info":{"display_name":"Toya","author_link":"https:\/\/www.hsw.hu\/?author=1"},"category_info":"<a href=\"https:\/\/www.hsw.hu\/?cat=1223\" rel=\"category\">H\u00edrek<\/a> <a href=\"https:\/\/www.hsw.hu\/?cat=7\" rel=\"category\">Sport<\/a>","tag_info":"Sport","comment_count":"0","_links":{"self":[{"href":"https:\/\/www.hsw.hu\/index.php?rest_route=\/wp\/v2\/posts\/43503","targetHints":{"allow":["GET"]}}],"collection":[{"href":"https:\/\/www.hsw.hu\/index.php?rest_route=\/wp\/v2\/posts"}],"about":[{"href":"https:\/\/www.hsw.hu\/index.php?rest_route=\/wp\/v2\/types\/post"}],"author":[{"embeddable":true,"href":"https:\/\/www.hsw.hu\/index.php?rest_route=\/wp\/v2\/users\/1"}],"replies":[{"embeddable":true,"href":"https:\/\/www.hsw.hu\/index.php?rest_route=%2Fwp%2Fv2%2Fcomments&post=43503"}],"version-history":[{"count":1,"href":"https:\/\/www.hsw.hu\/index.php?rest_route=\/wp\/v2\/posts\/43503\/revisions"}],"predecessor-version":[{"id":43505,"href":"https:\/\/www.hsw.hu\/index.php?rest_route=\/wp\/v2\/posts\/43503\/revisions\/43505"}],"wp:featuredmedia":[{"embeddable":true,"href":"https:\/\/www.hsw.hu\/index.php?rest_route=\/wp\/v2\/media\/43504"}],"wp:attachment":[{"href":"https:\/\/www.hsw.hu\/index.php?rest_route=%2Fwp%2Fv2%2Fmedia&parent=43503"}],"wp:term":[{"taxonomy":"category","embeddable":true,"href":"https:\/\/www.hsw.hu\/index.php?rest_route=%2Fwp%2Fv2%2Fcategories&post=43503"},{"taxonomy":"post_tag","embeddable":true,"href":"https:\/\/www.hsw.hu\/index.php?rest_route=%2Fwp%2Fv2%2Ftags&post=43503"}],"curies":[{"name":"wp","href":"https:\/\/api.w.org\/{rel}","templated":true}]}}