{"id":7869,"date":"2012-03-29T22:20:18","date_gmt":"2012-03-29T21:20:18","guid":{"rendered":"http:\/\/www.hsw.hu\/?p=7869"},"modified":"2012-03-29T22:20:18","modified_gmt":"2012-03-29T21:20:18","slug":"michelisz-es-weber-is-pontokat-remel-valenciatol","status":"publish","type":"post","link":"https:\/\/www.hsw.hu\/?p=7869","title":{"rendered":"Michelisz \u00e9s W\u00e9ber is pontokat rem\u00e9l Valenci\u00e1t\u00f3l"},"content":{"rendered":"<p style=\"text-align: justify;\"><a class=\"highslide\" onclick=\"return vz.expand(this)\" href=\"http:\/\/www.hsw.hu\/wp-content\/uploads\/2012\/03\/michelisz_norbert_es_weber_gabor_1.jpg\" data-rel=\"lightbox-image-0\" data-imagelightbox=\"0\" data-rl_title=\"\" data-rl_caption=\"\"><img loading=\"lazy\" decoding=\"async\" class=\"alignleft size-thumbnail wp-image-7870\" style=\"margin-left: 3px; margin-right: 3px;\" title=\"\" src=\"\/\/www.hsw.hu\/wp-content\/uploads\/2012\/03\/michelisz_norbert_es_weber_gabor_1-100x70.jpg\" alt=\"\" width=\"100\" height=\"70\" \/><\/a>A T\u00faraaut\u00f3 Vil\u00e1gbajnoks\u00e1g m\u00e1sodik fordul\u00f3j\u00e1ra a h\u00e9tv\u00e9g\u00e9n Spanyolorsz\u00e1gban, Valenci\u00e1ban ker\u00fcl sor. A Zeng\u0151 Motorsport mindk\u00e9t versenyz\u0151je, Michelisz Norbert \u00e9s W\u00e9ber G\u00e1bor is kiv\u00e1l\u00f3an ismerik a valenciai versenyp\u00e1ly\u00e1t. A Ricardo Tromo versenyp\u00e1ly\u00e1n Norbi a SEAT Leon EuroCup 2009-es nyit\u00f3futam\u00e1n az els\u0151 rajtkock\u00e1b\u00f3l aratott magabiztos gy\u0151zelmet, W\u00e9ber G\u00e1bort pedig ugyanebben a sorozatban, 2010-ben avatt\u00e1k itt bajnokk\u00e1.<\/p>\n<p style=\"text-align: justify;\">A WTCC-ben azonban eddig nem siker\u00fclt maradand\u00f3t alkotnia a 4 km hossz\u00fa aszfaltcs\u00edkon Michelisz Norbertnek, aki 2010-es bemutatkoz\u00f3 \u00e9v\u00e9ben pont n\u00e9lk\u00fcl z\u00e1rta a versenyh\u00e9tv\u00e9g\u00e9t, a tavalyi \u00e9vben pedig az utols\u00f3 kanyarban cs\u00faszott le a dobog\u00f3r\u00f3l.<\/p>\n<p style=\"text-align: justify;\">A vil\u00e1gbajnoki pontversenyben egy fordul\u00f3 ut\u00e1n Michelisz Norbert hat ponttal a 11. helyen \u00e1ll, a Yokohama Driver\u2019s Trophy \u00e9rt\u00e9kel\u00e9sben tizenegy ponttal az 5. poz\u00edci\u00f3t foglalja el. W\u00e9ber G\u00e1bornak nincs m\u00e9g vil\u00e1gbajnoki pontja, a f\u00fcggetlenek k\u00f6z\u00f6tt azonban h\u00e1rom megszerzett pontj\u00e1val 7. a rangsorban.<\/p>\n<p style=\"text-align: justify;\"><span style=\"text-decoration: underline;\"><strong>Michelisz Norbert:<\/strong><\/span><br \/>\nValenci\u00e1ban m\u00e9g nehezebb lesz sz\u00e1munkra felvenni a l\u00e9p\u00e9st az \u00e9lmez\u0151nnyel, ugyanis a mez\u0151ny nagy r\u00e9sze itt j\u00e1rt 6 hete egy 2&#215;2 napos kollekt\u00edv teszten, ahol pl. csak a ROAL csapat t\u00f6bb mint 4000 Km-t tesztelt.(Mi ennyit megy\u00fcnk eg\u00e9sz \u00e9vben) Term\u00e9szetesen a tavalyi adatokb\u00f3l ki tudunk majd indulni, \u00e9s ha el\u00e9g meleg lesz, akkor komoly ellenfele lehet a BMW az els\u0151ker\u00e9k-meghajt\u00e1s\u00fa vet\u00e9lyt\u00e1rsainak versenyt\u00e1von, de az id\u0151m\u00e9r\u0151n neh\u00e9z dolgunk lesz bejutni az els\u0151 t\u00edzbe, m\u00e1rpedig ezen a p\u00e1ly\u00e1n az id\u0151m\u00e9r\u0151 kiemelt fontoss\u00e1g\u00fa, ugyanis nincs sok pontja a p\u00e1ly\u00e1nak, ahol el\u0151zni lehet. Mivel G\u00e1bor is nagyr\u00e9szt megbar\u00e1tkozott m\u00e1r az aut\u00f3val Monz\u00e1ban \u00e9s a valenciai p\u00e1ly\u00e1t j\u00f3l ismeri, arra sz\u00e1m\u00edtok, hogy az els\u0151 pillanatt\u00f3l kezdve hasonl\u00f3 lesz majd a temp\u00f3nk, \u00e9s ha az id\u0151m\u00e9r\u0151 mindkett\u0151nknek j\u00f3l siker\u00fcl, akkor versenyen tal\u00e1n tudjuk majd egym\u00e1st seg\u00edteni.<\/p>\n<p style=\"text-align: justify;\"><span style=\"text-decoration: underline;\"><strong>W\u00e9ber G\u00e1bor:<\/strong><\/span><br \/>\nJ\u00f3 \u00e9rz\u00e9sekkel t\u00e9rek vissza Valenci\u00e1ba, mert a bajnoki c\u00edm mellett 2008-ban itt kezdt\u00fck a nemzetk\u00f6zi p\u00e1lyafut\u00e1sunkat is a csapattal \u00e9s Norbival k\u00f6z\u00f6sen. A p\u00e1lyaismeret\u00fcnk\u00f6n nem fog m\u00falni. Az aut\u00f3val valahol 90%-on \u00e1llok, a l\u00e9nyeget m\u00e1r meg\u00e9reztem bel\u0151le, a finoms\u00e1gokat az\u00e9rt m\u00e9g tanulnom kell. Egy teljesen m\u00e1s jelleg\u0171 p\u00e1lya k\u00f6vetkezik, \u00e9s elm\u00e9letileg kedvez a BMW-nek, \u00fagyhogy rem\u00e9lem el\u0151r\u00e9bb fogok jutni, mint Monz\u00e1ban. A c\u00e9l mindenk\u00e9pp a Q2-be ker\u00fcl\u00e9s, \u00e9s min\u00e9l t\u00f6bb priv\u00e1t bajnoki pont gy\u0171jt\u00e9se.<\/p>\n<p style=\"text-align: justify;\">Forr\u00e1s: <a href=\"http:\/\/www.zengomotorsport.hu\" target=\"_blank\">Zeng\u0151 Motorsport<\/a><\/p>\n","protected":false},"excerpt":{"rendered":"<p>A T\u00faraaut\u00f3 Vil\u00e1gbajnoks\u00e1g m\u00e1sodik fordul\u00f3j\u00e1ra a h\u00e9tv\u00e9g\u00e9n Spanyolorsz\u00e1gban, Valenci\u00e1ban ker\u00fcl sor. A Zeng\u0151 Motorsport mindk\u00e9t&#8230;<\/p>\n","protected":false},"author":1,"featured_media":7870,"comment_status":"open","ping_status":"open","sticky":false,"template":"","format":"standard","meta":{"footnotes":""},"categories":[7],"tags":[],"class_list":["post-7869","post","type-post","status-publish","format-standard","has-post-thumbnail","hentry","category-online"],"featured_image_urls":{"full":["https:\/\/www.hsw.hu\/wp-content\/uploads\/2012\/03\/michelisz_norbert_es_weber_gabor_1.jpg",670,390,false],"thumbnail":["https:\/\/www.hsw.hu\/wp-content\/uploads\/2012\/03\/michelisz_norbert_es_weber_gabor_1-100x70.jpg",100,70,true],"medium":["https:\/\/www.hsw.hu\/wp-content\/uploads\/2012\/03\/michelisz_norbert_es_weber_gabor_1-300x174.jpg",300,174,true],"medium_large":["https:\/\/www.hsw.hu\/wp-content\/uploads\/2012\/03\/michelisz_norbert_es_weber_gabor_1.jpg",640,373,false],"large":["https:\/\/www.hsw.hu\/wp-content\/uploads\/2012\/03\/michelisz_norbert_es_weber_gabor_1.jpg",640,373,false],"1536x1536":["https:\/\/www.hsw.hu\/wp-content\/uploads\/2012\/03\/michelisz_norbert_es_weber_gabor_1.jpg",670,390,false],"2048x2048":["https:\/\/www.hsw.hu\/wp-content\/uploads\/2012\/03\/michelisz_norbert_es_weber_gabor_1.jpg",670,390,false],"covernews-featured":["https:\/\/www.hsw.hu\/wp-content\/uploads\/2012\/03\/michelisz_norbert_es_weber_gabor_1.jpg",670,390,false],"covernews-medium":["https:\/\/www.hsw.hu\/wp-content\/uploads\/2012\/03\/michelisz_norbert_es_weber_gabor_1.jpg",540,314,false]},"author_info":{"display_name":"Toya","author_link":"https:\/\/www.hsw.hu\/?author=1"},"category_info":"<a href=\"https:\/\/www.hsw.hu\/?cat=7\" rel=\"category\">Sport<\/a>","tag_info":"Sport","comment_count":"0","_links":{"self":[{"href":"https:\/\/www.hsw.hu\/index.php?rest_route=\/wp\/v2\/posts\/7869","targetHints":{"allow":["GET"]}}],"collection":[{"href":"https:\/\/www.hsw.hu\/index.php?rest_route=\/wp\/v2\/posts"}],"about":[{"href":"https:\/\/www.hsw.hu\/index.php?rest_route=\/wp\/v2\/types\/post"}],"author":[{"embeddable":true,"href":"https:\/\/www.hsw.hu\/index.php?rest_route=\/wp\/v2\/users\/1"}],"replies":[{"embeddable":true,"href":"https:\/\/www.hsw.hu\/index.php?rest_route=%2Fwp%2Fv2%2Fcomments&post=7869"}],"version-history":[{"count":2,"href":"https:\/\/www.hsw.hu\/index.php?rest_route=\/wp\/v2\/posts\/7869\/revisions"}],"predecessor-version":[{"id":7872,"href":"https:\/\/www.hsw.hu\/index.php?rest_route=\/wp\/v2\/posts\/7869\/revisions\/7872"}],"wp:featuredmedia":[{"embeddable":true,"href":"https:\/\/www.hsw.hu\/index.php?rest_route=\/wp\/v2\/media\/7870"}],"wp:attachment":[{"href":"https:\/\/www.hsw.hu\/index.php?rest_route=%2Fwp%2Fv2%2Fmedia&parent=7869"}],"wp:term":[{"taxonomy":"category","embeddable":true,"href":"https:\/\/www.hsw.hu\/index.php?rest_route=%2Fwp%2Fv2%2Fcategories&post=7869"},{"taxonomy":"post_tag","embeddable":true,"href":"https:\/\/www.hsw.hu\/index.php?rest_route=%2Fwp%2Fv2%2Ftags&post=7869"}],"curies":[{"name":"wp","href":"https:\/\/api.w.org\/{rel}","templated":true}]}}