{"id":9453,"date":"2012-06-03T19:40:47","date_gmt":"2012-06-03T18:40:47","guid":{"rendered":"http:\/\/www.hsw.hu\/?p=9453"},"modified":"2016-05-12T22:01:14","modified_gmt":"2016-05-12T21:01:14","slug":"felemas-hetvege-a-wtcc-versenyen","status":"publish","type":"post","link":"https:\/\/www.hsw.hu\/?p=9453","title":{"rendered":"Felem\u00e1s h\u00e9tv\u00e9ge a WTCC versenyen"},"content":{"rendered":"<p style=\"text-align: justify;\"><a class=\"highslide\" href=\"http:\/\/www.hsw.hu\/wp-content\/uploads\/2012\/06\/img_0123.jpg\" data-rel=\"lightbox-image-0\" data-imagelightbox=\"0\" data-rl_title=\"\" data-rl_caption=\"\"><img loading=\"lazy\" decoding=\"async\" class=\"alignleft size-thumbnail wp-image-9454\" style=\"margin-left: 3px; margin-right: 3px;\" title=\"\" src=\"\/\/www.hsw.hu\/wp-content\/uploads\/2012\/06\/img_0123-100x70.jpg\" alt=\"\" width=\"100\" height=\"70\" \/><\/a>Portug\u00e1li\u00e1ban versenyeztek a h\u00e9tv\u00e9g\u00e9n a WTCC versenysorozat r\u00e9sztvev\u0151i, amelyen term\u00e9szetesen a Zeng\u0151 Motorsport g\u00e1rd\u00e1ja k\u00e9pviselte haz\u00e1nkat. A tegnapi id\u0151m\u00e9r\u00e9s sikere ut\u00e1n a sr\u00e1cok felfokozott v\u00e1rakoz\u00e1ssal v\u00e1gtak neki a versenyeknek, azonban a szerencs\u00e9vel ez\u00fattal hadil\u00e1bon \u00e1llt az alakulat.<br \/>\nNorbi az els\u0151 versenyen egy technikai neh\u00e9zs\u00e9g ellen\u00e9re magabiztosan szerezte meg az els\u0151 helyet, m\u00edg G\u00e1bor egy baleset v\u00e9tlen \u00e1ldozatak\u00e9nt m\u00e1r az els\u0151 k\u00f6rben a kavics\u00e1gyban landolt \u00e9s kiesett.<br \/>\nA m\u00e1sodik verseny igazi vessz\u0151fut\u00e1s volt. G\u00e1bor a rajtn\u00e1l lefulladt \u00e9s szinte a mez\u0151ny v\u00e9g\u00e9r\u0151l kezdte meg a felz\u00e1rk\u00f3z\u00e1st. Norbi technikai hib\u00e1j\u00e1t nem tudt\u00e1k kijav\u00edtani a sr\u00e1cok a 15 perces szerviz alatt, \u00edgy az aut\u00f3 folyamatosan vesz\u00edtett az erej\u00e9b\u0151l. Ennek ellen\u00e9re Norbi j\u00f3l tartotta mag\u00e1t eg\u00e9szen az utols\u00f3 k\u00f6rig, amikor teljesen megadta mag\u00e1t a technika \u00e9s szinte minden motorer\u0151t elvesztett. Ennek ellen\u00e9re siker\u00fclt megcs\u00edpni a 10. helyet, ami egy gy\u0151zelemmel \u00e9rt fel.<br \/>\nW\u00e9ber G\u00e1bor a 12.helyet szerezte meg utols\u00f3 verseny\u00e9n \u00e9s csak rem\u00e9lhetj\u00fck, hogy egy szponzornak k\u00f6sz\u00f6nhet\u0151en l\u00e1thatjuk m\u00e9g az idei \u00e9vben a rajtr\u00e1cson.<\/p>\n<p style=\"text-align: justify;\">Szem\u00e9lyes v\u00e9lem\u00e9nyem szerint a foci t\u00e1mogat\u00e1sa helyett sokkal jobb PR lenne haz\u00e1nknak a Zeng\u0151 Motorsport szponzor\u00e1l\u00e1sa.<\/p>\n","protected":false},"excerpt":{"rendered":"<p>Portug\u00e1li\u00e1ban versenyeztek a h\u00e9tv\u00e9g\u00e9n a WTCC versenysorozat r\u00e9sztvev\u0151i, amelyen term\u00e9szetesen a Zeng\u0151 Motorsport g\u00e1rd\u00e1ja k\u00e9pviselte&#8230;<\/p>\n","protected":false},"author":1,"featured_media":9454,"comment_status":"closed","ping_status":"open","sticky":false,"template":"","format":"standard","meta":{"footnotes":""},"categories":[7],"tags":[96,302,311,70,273,303,251,274,75,287,252],"class_list":["post-9453","post","type-post","status-publish","format-standard","has-post-thumbnail","hentry","category-online","tag-bmw","tag-chevrolet","tag-fia","tag-lada","tag-michelisz-norbert","tag-seat","tag-weber","tag-weber-gabor","tag-wtcc-2011","tag-wtcc2012","tag-zengo-motorsport"],"featured_image_urls":{"full":["https:\/\/www.hsw.hu\/wp-content\/uploads\/2012\/06\/img_0123.jpg",800,600,false],"thumbnail":["https:\/\/www.hsw.hu\/wp-content\/uploads\/2012\/06\/img_0123-100x70.jpg",100,70,true],"medium":["https:\/\/www.hsw.hu\/wp-content\/uploads\/2012\/06\/img_0123-300x225.jpg",300,225,true],"medium_large":["https:\/\/www.hsw.hu\/wp-content\/uploads\/2012\/06\/img_0123.jpg",640,480,false],"large":["https:\/\/www.hsw.hu\/wp-content\/uploads\/2012\/06\/img_0123.jpg",640,480,false],"1536x1536":["https:\/\/www.hsw.hu\/wp-content\/uploads\/2012\/06\/img_0123.jpg",800,600,false],"2048x2048":["https:\/\/www.hsw.hu\/wp-content\/uploads\/2012\/06\/img_0123.jpg",800,600,false],"covernews-featured":["https:\/\/www.hsw.hu\/wp-content\/uploads\/2012\/06\/img_0123.jpg",800,600,false],"covernews-medium":["https:\/\/www.hsw.hu\/wp-content\/uploads\/2012\/06\/img_0123.jpg",453,340,false]},"author_info":{"display_name":"Toya","author_link":"https:\/\/www.hsw.hu\/?author=1"},"category_info":"<a href=\"https:\/\/www.hsw.hu\/?cat=7\" rel=\"category\">Sport<\/a>","tag_info":"Sport","comment_count":"0","_links":{"self":[{"href":"https:\/\/www.hsw.hu\/index.php?rest_route=\/wp\/v2\/posts\/9453","targetHints":{"allow":["GET"]}}],"collection":[{"href":"https:\/\/www.hsw.hu\/index.php?rest_route=\/wp\/v2\/posts"}],"about":[{"href":"https:\/\/www.hsw.hu\/index.php?rest_route=\/wp\/v2\/types\/post"}],"author":[{"embeddable":true,"href":"https:\/\/www.hsw.hu\/index.php?rest_route=\/wp\/v2\/users\/1"}],"replies":[{"embeddable":true,"href":"https:\/\/www.hsw.hu\/index.php?rest_route=%2Fwp%2Fv2%2Fcomments&post=9453"}],"version-history":[{"count":2,"href":"https:\/\/www.hsw.hu\/index.php?rest_route=\/wp\/v2\/posts\/9453\/revisions"}],"predecessor-version":[{"id":49462,"href":"https:\/\/www.hsw.hu\/index.php?rest_route=\/wp\/v2\/posts\/9453\/revisions\/49462"}],"wp:featuredmedia":[{"embeddable":true,"href":"https:\/\/www.hsw.hu\/index.php?rest_route=\/wp\/v2\/media\/9454"}],"wp:attachment":[{"href":"https:\/\/www.hsw.hu\/index.php?rest_route=%2Fwp%2Fv2%2Fmedia&parent=9453"}],"wp:term":[{"taxonomy":"category","embeddable":true,"href":"https:\/\/www.hsw.hu\/index.php?rest_route=%2Fwp%2Fv2%2Fcategories&post=9453"},{"taxonomy":"post_tag","embeddable":true,"href":"https:\/\/www.hsw.hu\/index.php?rest_route=%2Fwp%2Fv2%2Ftags&post=9453"}],"curies":[{"name":"wp","href":"https:\/\/api.w.org\/{rel}","templated":true}]}}